{"id":123545,"date":"2026-08-30T23:56:34","date_gmt":"2026-08-31T02:56:34","guid":{"rendered":"https:\/\/portalmovil.com.ar\/?p=123545"},"modified":"2026-08-30T23:56:34","modified_gmt":"2026-08-31T02:56:34","slug":"zdero-volvio-a-su-colegio-para-celebrar-70-anos-de-historia-y-dejo-inaugurado-un-nuevo-sum","status":"publish","type":"post","link":"https:\/\/portalmovil.com.ar\/index.php\/2026\/08\/30\/zdero-volvio-a-su-colegio-para-celebrar-70-anos-de-historia-y-dejo-inaugurado-un-nuevo-sum\/","title":{"rendered":"Zdero volvi\u00f3 a su Colegio para celebrar 70 a\u00f1os de historia y dej\u00f3 inaugurado un nuevo SUM"},"content":{"rendered":"\n<p class=\"wp-block-paragraph\">El gobernador Leandro Zdero particip\u00f3 anoche de la celebraci\u00f3n por el 70\u00b0 aniversario de la U.E.G.P. N\u00b0 22 \u201cNuestra Se\u00f1ora de F\u00e1tima\u201d de Quitilipi, instituci\u00f3n de la que fue alumno. En el marco del acto, inaugur\u00f3 el nuevo Sal\u00f3n de Usos M\u00faltiples y descubri\u00f3 una placa conmemorativa.<\/p>\n\n\n\n<p class=\"wp-block-paragraph\">La ceremonia tuvo un fuerte contenido emotivo para el mandatario provincial, quien record\u00f3 sus a\u00f1os como estudiante y el impacto que la instituci\u00f3n tuvo en su formaci\u00f3n personal.<\/p>\n\n\n\n<p class=\"wp-block-paragraph\">\u201cYo siempre digo que no pas\u00e9 por esta instituci\u00f3n, sino que F\u00e1tima pas\u00f3 por m\u00ed. Las tizas en el pizarr\u00f3n, las lecciones para aprender y las misas que ten\u00edamos dejaron una huella marcada en lo m\u00e1s profundo de nuestro coraz\u00f3n\u201d, expres\u00f3 Zdero.<\/p>\n\n\n\n<p class=\"wp-block-paragraph\">Durante su discurso, felicit\u00f3 a docentes, alumnos, familias y a toda la comunidad educativa por el crecimiento de la instituci\u00f3n a lo largo de estas siete d\u00e9cadas. En ese sentido, destac\u00f3 especialmente la inauguraci\u00f3n del nuevo SUM como una muestra del desarrollo alcanzado.<\/p>\n\n\n\n<p class=\"wp-block-paragraph\">\u201cQuer\u00eda estar en estos 70 a\u00f1os de vida fundamentalmente por los logros de la instituci\u00f3n. Hoy, inaugurando este SUM, podemos ver c\u00f3mo ha crecido y hay que felicitarlos por eso\u201d, se\u00f1al\u00f3.<\/p>\n\n\n\n<p class=\"wp-block-paragraph\">El gobernador tambi\u00e9n puso en valor la ense\u00f1anza basada en principios y valores que caracteriza a la escuela y que, seg\u00fan remarc\u00f3, fueron transmitidos a numerosas generaciones de chaque\u00f1os.<\/p>\n\n\n\n<p class=\"wp-block-paragraph\">\u201cLo que siempre se ha hecho en F\u00e1tima es formar buenas personas, formadas en valores, en solidaridad y en respeto, que es lo que hoy se sigue haciendo\u201d, sostuvo. Y resumi\u00f3 su v\u00ednculo con la instituci\u00f3n con una frase cargada de emoci\u00f3n: \u201cSer de F\u00e1tima es un sentimiento muy profundo\u201d.<\/p>\n\n\n\n<p class=\"wp-block-paragraph\">Finalmente, Zdero se refiri\u00f3 a los desaf\u00edos que atraviesa la educaci\u00f3n chaque\u00f1a y asegur\u00f3 que su gesti\u00f3n trabaja para fortalecer el sistema educativo en todos sus niveles y modalidades.<\/p>\n\n\n\n<p class=\"wp-block-paragraph\">\u201cLa educaci\u00f3n tiene sentido si los chicos aprenden y por eso estamos empe\u00f1ados en transitar un camino distinto para que Chaco siga recuperando la lectura, la comprensi\u00f3n y la escritura, para darles a los chicos alas y que sean mejores\u201d, afirm\u00f3.<\/p>\n","protected":false},"excerpt":{"rendered":"<p>El gobernador Leandro Zdero particip\u00f3 anoche de la celebraci\u00f3n por el 70\u00b0 aniversario de la U.E.G.P. N\u00b0 22 \u201cNuestra Se\u00f1ora de F\u00e1tima\u201d de Quitilipi, instituci\u00f3n de la que fue alumno. En el marco del acto, inaugur\u00f3 el nuevo Sal\u00f3n de Usos M\u00faltiples y descubri\u00f3 una placa conmemorativa. La ceremonia tuvo un fuerte contenido emotivo para &hellip;<\/p>\n","protected":false},"author":2,"featured_media":123546,"comment_status":"open","ping_status":"open","sticky":false,"template":"","format":"standard","meta":{"_jetpack_newsletter_access":"","_jetpack_dont_email_post_to_subs":false,"_jetpack_newsletter_tier_id":0,"_jetpack_memberships_contains_paywalled_content":false,"_jetpack_feature_clip_id":0,"_jetpack_memberships_contains_paid_content":false,"footnotes":"","jetpack_publicize_message":"","jetpack_publicize_feature_enabled":true,"jetpack_social_post_already_shared":true,"jetpack_social_options":{"image_generator_settings":{"template":"highway","default_image_id":0,"font":"","enabled":false},"version":2},"jetpack_post_was_ever_published":false},"categories":[5,14],"tags":[],"class_list":["post-123545","post","type-post","status-publish","format-standard","has-post-thumbnail","hentry","category-chaco","category-politica"],"jetpack_publicize_connections":[],"jetpack_sharing_enabled":true,"amp_enabled":true,"jetpack_featured_media_url":"https:\/\/portalmovil.com.ar\/wp-content\/uploads\/2026\/08\/f039d8be-0494-436e-b891-464473d07d6f.jpeg","_links":{"self":[{"href":"https:\/\/portalmovil.com.ar\/index.php\/wp-json\/wp\/v2\/posts\/123545","targetHints":{"allow":["GET"]}}],"collection":[{"href":"https:\/\/portalmovil.com.ar\/index.php\/wp-json\/wp\/v2\/posts"}],"about":[{"href":"https:\/\/portalmovil.com.ar\/index.php\/wp-json\/wp\/v2\/types\/post"}],"author":[{"embeddable":true,"href":"https:\/\/portalmovil.com.ar\/index.php\/wp-json\/wp\/v2\/users\/2"}],"replies":[{"embeddable":true,"href":"https:\/\/portalmovil.com.ar\/index.php\/wp-json\/wp\/v2\/comments?post=123545"}],"version-history":[{"count":1,"href":"https:\/\/portalmovil.com.ar\/index.php\/wp-json\/wp\/v2\/posts\/123545\/revisions"}],"predecessor-version":[{"id":123547,"href":"https:\/\/portalmovil.com.ar\/index.php\/wp-json\/wp\/v2\/posts\/123545\/revisions\/123547"}],"wp:featuredmedia":[{"embeddable":true,"href":"https:\/\/portalmovil.com.ar\/index.php\/wp-json\/wp\/v2\/media\/123546"}],"wp:attachment":[{"href":"https:\/\/portalmovil.com.ar\/index.php\/wp-json\/wp\/v2\/media?parent=123545"}],"wp:term":[{"taxonomy":"category","embeddable":true,"href":"https:\/\/portalmovil.com.ar\/index.php\/wp-json\/wp\/v2\/categories?post=123545"},{"taxonomy":"post_tag","embeddable":true,"href":"https:\/\/portalmovil.com.ar\/index.php\/wp-json\/wp\/v2\/tags?post=123545"}],"curies":[{"name":"wp","href":"https:\/\/api.w.org\/{rel}","templated":true}]}}