{"id":123543,"date":"2026-08-30T23:52:10","date_gmt":"2026-08-31T02:52:10","guid":{"rendered":"https:\/\/portalmovil.com.ar\/?p=123543"},"modified":"2026-08-30T23:52:12","modified_gmt":"2026-08-31T02:52:12","slug":"segun-el-smn-lunes-fresco-y-lluvioso-en-resistencia","status":"publish","type":"post","link":"https:\/\/portalmovil.com.ar\/index.php\/2026\/08\/30\/segun-el-smn-lunes-fresco-y-lluvioso-en-resistencia\/","title":{"rendered":"Seg\u00fan el SMN, lunes fresco y lluvioso en Resistencia"},"content":{"rendered":"\n<p class=\"wp-block-paragraph\">El inicio de la semana llegar\u00e1 con <strong>cielo mayormente nublado, lluvias aisladas y un ambiente fresco<\/strong> en Resistencia y zonas cercanas. Seg\u00fan el Servicio Meteorol\u00f3gico Nacional (SMN), las condiciones comenzar\u00e1n a mejorar desde el martes, con una progresiva disminuci\u00f3n de la nubosidad y temperaturas en ascenso hacia el jueves.<\/p>\n\n\n\n<p class=\"wp-block-paragraph\">Para este <strong>lunes<\/strong>, se pronostican <strong>tormentas aisladas y chaparrones durante la ma\u00f1ana<\/strong>, mientras que por la tarde y noche el cielo permanecer\u00e1 mayormente nublado. Los vientos ser\u00e1n leves, provenientes del sudeste y luego del sur. La temperatura se ubicar\u00e1 entre <strong>15\u00b0C de m\u00ednima y 21\u00b0C de m\u00e1xima<\/strong>.<\/p>\n\n\n\n<p class=\"wp-block-paragraph\">El <strong>martes<\/strong> se presentar\u00e1 con cielo algo a parcialmente nublado y vientos leves del sur, rotando al sudeste. La jornada tendr\u00e1 una m\u00ednima de <strong>12\u00b0C<\/strong> y una m\u00e1xima de <strong>21\u00b0C<\/strong>.<\/p>\n\n\n\n<p class=\"wp-block-paragraph\">Para el <strong>mi\u00e9rcoles<\/strong>, se espera una marcada mejora, con <strong>cielo despejado<\/strong> y temperaturas de entre <strong>12\u00b0C y 25\u00b0C<\/strong>.<\/p>\n\n\n\n<p class=\"wp-block-paragraph\">Finalmente, el <strong>jueves<\/strong> continuar\u00e1 el buen tiempo, con cielo ligeramente nublado y un nuevo ascenso t\u00e9rmico. Se prev\u00e9 una m\u00ednima de <strong>12\u00b0C<\/strong> y una m\u00e1xima que alcanzar\u00eda los <strong>30\u00b0C<\/strong>.<\/p>\n\n\n\n<p class=\"wp-block-paragraph\">As\u00ed, luego de un lunes fresco e inestable, la semana avanzar\u00e1 con <strong>mejores condiciones y un progresivo aumento de las temperaturas<\/strong>.<\/p>\n\n\n\n<p class=\"wp-block-paragraph\"><\/p>\n","protected":false},"excerpt":{"rendered":"<p>El inicio de la semana llegar\u00e1 con cielo mayormente nublado, lluvias aisladas y un ambiente fresco en Resistencia y zonas cercanas. Seg\u00fan el Servicio Meteorol\u00f3gico Nacional (SMN), las condiciones comenzar\u00e1n a mejorar desde el martes, con una progresiva disminuci\u00f3n de la nubosidad y temperaturas en ascenso hacia el jueves. Para este lunes, se pronostican tormentas &hellip;<\/p>\n","protected":false},"author":2,"featured_media":68431,"comment_status":"open","ping_status":"open","sticky":false,"template":"","format":"standard","meta":{"_jetpack_newsletter_access":"","_jetpack_dont_email_post_to_subs":false,"_jetpack_newsletter_tier_id":0,"_jetpack_memberships_contains_paywalled_content":false,"_jetpack_feature_clip_id":0,"_jetpack_memberships_contains_paid_content":false,"footnotes":"","jetpack_publicize_message":"","jetpack_publicize_feature_enabled":true,"jetpack_social_post_already_shared":true,"jetpack_social_options":{"image_generator_settings":{"template":"highway","default_image_id":0,"font":"","enabled":false},"version":2},"jetpack_post_was_ever_published":false},"categories":[28,5],"tags":[],"class_list":["post-123543","post","type-post","status-publish","format-standard","has-post-thumbnail","hentry","category-actualidad","category-chaco"],"jetpack_publicize_connections":[],"jetpack_sharing_enabled":true,"amp_enabled":true,"jetpack_featured_media_url":"https:\/\/portalmovil.com.ar\/wp-content\/uploads\/2022\/12\/634bf51ea8afb_600_315.jpg","_links":{"self":[{"href":"https:\/\/portalmovil.com.ar\/index.php\/wp-json\/wp\/v2\/posts\/123543","targetHints":{"allow":["GET"]}}],"collection":[{"href":"https:\/\/portalmovil.com.ar\/index.php\/wp-json\/wp\/v2\/posts"}],"about":[{"href":"https:\/\/portalmovil.com.ar\/index.php\/wp-json\/wp\/v2\/types\/post"}],"author":[{"embeddable":true,"href":"https:\/\/portalmovil.com.ar\/index.php\/wp-json\/wp\/v2\/users\/2"}],"replies":[{"embeddable":true,"href":"https:\/\/portalmovil.com.ar\/index.php\/wp-json\/wp\/v2\/comments?post=123543"}],"version-history":[{"count":1,"href":"https:\/\/portalmovil.com.ar\/index.php\/wp-json\/wp\/v2\/posts\/123543\/revisions"}],"predecessor-version":[{"id":123544,"href":"https:\/\/portalmovil.com.ar\/index.php\/wp-json\/wp\/v2\/posts\/123543\/revisions\/123544"}],"wp:featuredmedia":[{"embeddable":true,"href":"https:\/\/portalmovil.com.ar\/index.php\/wp-json\/wp\/v2\/media\/68431"}],"wp:attachment":[{"href":"https:\/\/portalmovil.com.ar\/index.php\/wp-json\/wp\/v2\/media?parent=123543"}],"wp:term":[{"taxonomy":"category","embeddable":true,"href":"https:\/\/portalmovil.com.ar\/index.php\/wp-json\/wp\/v2\/categories?post=123543"},{"taxonomy":"post_tag","embeddable":true,"href":"https:\/\/portalmovil.com.ar\/index.php\/wp-json\/wp\/v2\/tags?post=123543"}],"curies":[{"name":"wp","href":"https:\/\/api.w.org\/{rel}","templated":true}]}}