{"id":123540,"date":"2026-08-30T23:46:24","date_gmt":"2026-08-31T02:46:24","guid":{"rendered":"https:\/\/portalmovil.com.ar\/?p=123540"},"modified":"2026-08-30T23:46:25","modified_gmt":"2026-08-31T02:46:25","slug":"causa-exen-tres-acusados-por-lavado-de-activos-quedaron-alojados-en-la-u7","status":"publish","type":"post","link":"https:\/\/portalmovil.com.ar\/index.php\/2026\/08\/30\/causa-exen-tres-acusados-por-lavado-de-activos-quedaron-alojados-en-la-u7\/","title":{"rendered":"Causa Exen: tres acusados por lavado de activos quedaron alojados en la U7"},"content":{"rendered":"\n<p class=\"wp-block-paragraph\">Federico Alejandro Clinis Canal, Sergio Nicol\u00e1s Clinis Canal y Mauro Emmanuel Lugo Heim fueron trasladados a la Unidad Penal Federal N\u00b0 7 de Resistencia, luego de que la Justicia Federal dictara sus procesamientos con prisi\u00f3n preventiva en el marco de la causa Exen.<\/p>\n\n\n\n<p class=\"wp-block-paragraph\">Los tres est\u00e1n imputados, en esta etapa, como presuntos coautores del delito de lavado de activos agravado por habitualidad. La medida fue dispuesta por el Juzgado Federal N\u00b0 1 de Resistencia, a cargo de la jueza Zunilda Niremperger.<\/p>\n\n\n\n<p class=\"wp-block-paragraph\">La resoluci\u00f3n tambi\u00e9n alcanz\u00f3 a otros cuatro investigados, con distintas situaciones procesales, entre ellas prisi\u00f3n domiciliaria y falta de m\u00e9rito. Adem\u00e1s, se ordenaron millonarios embargos preventivos sobre los bienes de algunos de los principales involucrados.<\/p>\n\n\n\n<p class=\"wp-block-paragraph\">La investigaci\u00f3n contin\u00faa para determinar el origen de los fondos y las eventuales responsabilidades de las personas vinculadas al expediente.<\/p>\n\n\n\n<p class=\"wp-block-paragraph\"><\/p>\n","protected":false},"excerpt":{"rendered":"<p>Federico Alejandro Clinis Canal, Sergio Nicol\u00e1s Clinis Canal y Mauro Emmanuel Lugo Heim fueron trasladados a la Unidad Penal Federal N\u00b0 7 de Resistencia, luego de que la Justicia Federal dictara sus procesamientos con prisi\u00f3n preventiva en el marco de la causa Exen. Los tres est\u00e1n imputados, en esta etapa, como presuntos coautores del delito &hellip;<\/p>\n","protected":false},"author":2,"featured_media":123541,"comment_status":"open","ping_status":"open","sticky":false,"template":"","format":"standard","meta":{"_jetpack_newsletter_access":"","_jetpack_dont_email_post_to_subs":false,"_jetpack_newsletter_tier_id":0,"_jetpack_memberships_contains_paywalled_content":false,"_jetpack_feature_clip_id":0,"_jetpack_memberships_contains_paid_content":false,"footnotes":"","jetpack_publicize_message":"","jetpack_publicize_feature_enabled":true,"jetpack_social_post_already_shared":true,"jetpack_social_options":{"image_generator_settings":{"template":"highway","default_image_id":0,"font":"","enabled":false},"version":2},"jetpack_post_was_ever_published":false},"categories":[5,50],"tags":[],"class_list":["post-123540","post","type-post","status-publish","format-standard","has-post-thumbnail","hentry","category-chaco","category-judiciales"],"jetpack_publicize_connections":[],"jetpack_sharing_enabled":true,"amp_enabled":true,"jetpack_featured_media_url":"https:\/\/portalmovil.com.ar\/wp-content\/uploads\/2026\/08\/IMG_1814.jpeg","_links":{"self":[{"href":"https:\/\/portalmovil.com.ar\/index.php\/wp-json\/wp\/v2\/posts\/123540","targetHints":{"allow":["GET"]}}],"collection":[{"href":"https:\/\/portalmovil.com.ar\/index.php\/wp-json\/wp\/v2\/posts"}],"about":[{"href":"https:\/\/portalmovil.com.ar\/index.php\/wp-json\/wp\/v2\/types\/post"}],"author":[{"embeddable":true,"href":"https:\/\/portalmovil.com.ar\/index.php\/wp-json\/wp\/v2\/users\/2"}],"replies":[{"embeddable":true,"href":"https:\/\/portalmovil.com.ar\/index.php\/wp-json\/wp\/v2\/comments?post=123540"}],"version-history":[{"count":1,"href":"https:\/\/portalmovil.com.ar\/index.php\/wp-json\/wp\/v2\/posts\/123540\/revisions"}],"predecessor-version":[{"id":123542,"href":"https:\/\/portalmovil.com.ar\/index.php\/wp-json\/wp\/v2\/posts\/123540\/revisions\/123542"}],"wp:featuredmedia":[{"embeddable":true,"href":"https:\/\/portalmovil.com.ar\/index.php\/wp-json\/wp\/v2\/media\/123541"}],"wp:attachment":[{"href":"https:\/\/portalmovil.com.ar\/index.php\/wp-json\/wp\/v2\/media?parent=123540"}],"wp:term":[{"taxonomy":"category","embeddable":true,"href":"https:\/\/portalmovil.com.ar\/index.php\/wp-json\/wp\/v2\/categories?post=123540"},{"taxonomy":"post_tag","embeddable":true,"href":"https:\/\/portalmovil.com.ar\/index.php\/wp-json\/wp\/v2\/tags?post=123540"}],"curies":[{"name":"wp","href":"https:\/\/api.w.org\/{rel}","templated":true}]}}