{"id":123535,"date":"2026-08-30T21:33:20","date_gmt":"2026-08-31T00:33:20","guid":{"rendered":"https:\/\/portalmovil.com.ar\/?p=123535"},"modified":"2026-08-30T21:33:22","modified_gmt":"2026-08-31T00:33:22","slug":"un-colombiano-murio-tras-ser-atropellado-en-avenida-castelli-hay-un-detenido","status":"publish","type":"post","link":"https:\/\/portalmovil.com.ar\/index.php\/2026\/08\/30\/un-colombiano-murio-tras-ser-atropellado-en-avenida-castelli-hay-un-detenido\/","title":{"rendered":"Un colombiano muri\u00f3 tras ser atropellado en avenida Castelli: hay un detenido"},"content":{"rendered":"\n<p class=\"wp-block-paragraph\">La Polic\u00eda confirm\u00f3 que fue demorado el automovilista involucrado en el accidente fatal ocurrido sobre avenida Castelli y Urquiza, en Resistencia. En tanto, identificaron a la v\u00edctima como <strong>Jonathan Jairo Velazco C\u00f3rdoba, un ciudadano colombiano de 48 a\u00f1os<\/strong>.<\/p>\n\n\n\n<p class=\"wp-block-paragraph\">El siniestro ocurri\u00f3 cuando el motociclista fue embestido por un autom\u00f3vil Fiat Argo, cuyo conductor se dio a la fuga luego del impacto. A partir de las primeras averiguaciones, los efectivos policiales comenzaron a recabar informaci\u00f3n y analizar distintos datos para localizar al veh\u00edculo involucrado.<\/p>\n\n\n\n<p class=\"wp-block-paragraph\">Finalmente, los investigadores lograron establecer que el Fiat Argo se encontraba estacionado sobre la vereda de avenida Piacentini al 1400. Al llegar al lugar, los agentes identificaron al propietario del autom\u00f3vil.<\/p>\n\n\n\n<p class=\"wp-block-paragraph\">Por disposici\u00f3n del fiscal N\u00b013, <strong>V\u00edctor Recio<\/strong>, se procedi\u00f3 al secuestro del veh\u00edculo y a la conducci\u00f3n del propietario hacia la comisar\u00eda, donde qued\u00f3 a disposici\u00f3n de la Justicia mientras avanzan las actuaciones correspondientes.<\/p>\n","protected":false},"excerpt":{"rendered":"<p>La Polic\u00eda confirm\u00f3 que fue demorado el automovilista involucrado en el accidente fatal ocurrido sobre avenida Castelli y Urquiza, en Resistencia. En tanto, identificaron a la v\u00edctima como Jonathan Jairo Velazco C\u00f3rdoba, un ciudadano colombiano de 48 a\u00f1os. El siniestro ocurri\u00f3 cuando el motociclista fue embestido por un autom\u00f3vil Fiat Argo, cuyo conductor se dio &hellip;<\/p>\n","protected":false},"author":2,"featured_media":123536,"comment_status":"open","ping_status":"open","sticky":false,"template":"","format":"standard","meta":{"_jetpack_newsletter_access":"","_jetpack_dont_email_post_to_subs":false,"_jetpack_newsletter_tier_id":0,"_jetpack_memberships_contains_paywalled_content":false,"_jetpack_feature_clip_id":0,"_jetpack_memberships_contains_paid_content":false,"footnotes":"","jetpack_publicize_message":"","jetpack_publicize_feature_enabled":true,"jetpack_social_post_already_shared":true,"jetpack_social_options":{"image_generator_settings":{"template":"highway","default_image_id":0,"font":"","enabled":false},"version":2},"jetpack_post_was_ever_published":false},"categories":[8,37],"tags":[],"class_list":["post-123535","post","type-post","status-publish","format-standard","has-post-thumbnail","hentry","category-policiales","category-resistencia"],"jetpack_publicize_connections":[],"jetpack_sharing_enabled":true,"amp_enabled":true,"jetpack_featured_media_url":"https:\/\/portalmovil.com.ar\/wp-content\/uploads\/2026\/08\/IMG_1809-scaled.jpeg","_links":{"self":[{"href":"https:\/\/portalmovil.com.ar\/index.php\/wp-json\/wp\/v2\/posts\/123535","targetHints":{"allow":["GET"]}}],"collection":[{"href":"https:\/\/portalmovil.com.ar\/index.php\/wp-json\/wp\/v2\/posts"}],"about":[{"href":"https:\/\/portalmovil.com.ar\/index.php\/wp-json\/wp\/v2\/types\/post"}],"author":[{"embeddable":true,"href":"https:\/\/portalmovil.com.ar\/index.php\/wp-json\/wp\/v2\/users\/2"}],"replies":[{"embeddable":true,"href":"https:\/\/portalmovil.com.ar\/index.php\/wp-json\/wp\/v2\/comments?post=123535"}],"version-history":[{"count":1,"href":"https:\/\/portalmovil.com.ar\/index.php\/wp-json\/wp\/v2\/posts\/123535\/revisions"}],"predecessor-version":[{"id":123537,"href":"https:\/\/portalmovil.com.ar\/index.php\/wp-json\/wp\/v2\/posts\/123535\/revisions\/123537"}],"wp:featuredmedia":[{"embeddable":true,"href":"https:\/\/portalmovil.com.ar\/index.php\/wp-json\/wp\/v2\/media\/123536"}],"wp:attachment":[{"href":"https:\/\/portalmovil.com.ar\/index.php\/wp-json\/wp\/v2\/media?parent=123535"}],"wp:term":[{"taxonomy":"category","embeddable":true,"href":"https:\/\/portalmovil.com.ar\/index.php\/wp-json\/wp\/v2\/categories?post=123535"},{"taxonomy":"post_tag","embeddable":true,"href":"https:\/\/portalmovil.com.ar\/index.php\/wp-json\/wp\/v2\/tags?post=123535"}],"curies":[{"name":"wp","href":"https:\/\/api.w.org\/{rel}","templated":true}]}}