{"id":123526,"date":"2026-08-30T17:06:34","date_gmt":"2026-08-30T20:06:34","guid":{"rendered":"https:\/\/portalmovil.com.ar\/?p=123526"},"modified":"2026-08-30T17:06:35","modified_gmt":"2026-08-30T20:06:35","slug":"reaparecio-maduro-desde-la-carcel-con-un-mensaje-de-amor-y-esperanza","status":"publish","type":"post","link":"https:\/\/portalmovil.com.ar\/index.php\/2026\/08\/30\/reaparecio-maduro-desde-la-carcel-con-un-mensaje-de-amor-y-esperanza\/","title":{"rendered":"Reapareci\u00f3 Maduro desde la c\u00e1rcel con un mensaje de \u201camor y esperanza\u201d"},"content":{"rendered":"\n<p class=\"wp-block-paragraph\"><strong>Nicol\u00e1s Maduro reapareci\u00f3 p\u00fablicamente a trav\u00e9s de sus redes sociales y difundi\u00f3 las primeras fotograf\u00edas<\/strong>&nbsp;&nbsp;de su estad\u00eda en el&nbsp;<strong>Centro Metropolitano de Detenci\u00f3n de Nueva York, donde permanece detenido desde enero<\/strong>.&nbsp;<\/p>\n\n\n\n<p class=\"wp-block-paragraph\">En las&nbsp;<strong>im\u00e1genes, fechadas el 25 de junio<\/strong>, el expresidente de Venezuela&nbsp;<strong>aparece vestido con ropa deportiva gris y zapatillas, y en una de ellas realiza con los dedos el gesto de la \u00abV\u00bb<\/strong>&nbsp;.<\/p>\n\n\n\n<p class=\"wp-block-paragraph\">Maduro acompa\u00f1\u00f3 la publicaci\u00f3n con un mensaje dirigido especialmente a sus nietos.&nbsp;<strong>\u00abEnv\u00edo estas fotos como un peque\u00f1o regalo a todos mis nietos y nietas, a los ni\u00f1os y ni\u00f1as, y a toda la gente noble que nos ama\u00bb<\/strong>&nbsp;, escribi\u00f3 en su cuenta de X.<\/p>\n\n\n\n<p class=\"wp-block-paragraph\">Adem\u00e1s,&nbsp;<strong>asegur\u00f3 que se mantiene \u00abfirme\u00bb durante su detenci\u00f3n y agradeci\u00f3 las muestras de apoyo recibidas.&nbsp;\u00abGracias infinitas por cada palabra, por cada gesto, por cada bendici\u00f3n\u00bb<\/strong>, expres\u00f3.<\/p>\n\n\n\n<p class=\"wp-block-paragraph\">El exmandatario venezolano&nbsp;<strong>enfrenta cargos en Estados Unidos por conspiraci\u00f3n para cometer narcoterrorismo e importaci\u00f3n de coca\u00edna. El inicio del juicio est\u00e1 previsto para el 1\u00b0 de junio de 2027<\/strong>.<\/p>\n","protected":false},"excerpt":{"rendered":"<p>Nicol\u00e1s Maduro reapareci\u00f3 p\u00fablicamente a trav\u00e9s de sus redes sociales y difundi\u00f3 las primeras fotograf\u00edas&nbsp;&nbsp;de su estad\u00eda en el&nbsp;Centro Metropolitano de Detenci\u00f3n de Nueva York, donde permanece detenido desde enero.&nbsp; En las&nbsp;im\u00e1genes, fechadas el 25 de junio, el expresidente de Venezuela&nbsp;aparece vestido con ropa deportiva gris y zapatillas, y en una de ellas realiza con &hellip;<\/p>\n","protected":false},"author":2,"featured_media":123527,"comment_status":"open","ping_status":"open","sticky":false,"template":"","format":"standard","meta":{"_jetpack_newsletter_access":"","_jetpack_dont_email_post_to_subs":false,"_jetpack_newsletter_tier_id":0,"_jetpack_memberships_contains_paywalled_content":false,"_jetpack_feature_clip_id":0,"_jetpack_memberships_contains_paid_content":false,"footnotes":"","jetpack_publicize_message":"","jetpack_publicize_feature_enabled":true,"jetpack_social_post_already_shared":true,"jetpack_social_options":{"image_generator_settings":{"template":"highway","default_image_id":0,"font":"","enabled":false},"version":2},"jetpack_post_was_ever_published":false},"categories":[17],"tags":[],"class_list":["post-123526","post","type-post","status-publish","format-standard","has-post-thumbnail","hentry","category-mundo"],"jetpack_publicize_connections":[],"jetpack_sharing_enabled":true,"amp_enabled":true,"jetpack_featured_media_url":"https:\/\/portalmovil.com.ar\/wp-content\/uploads\/2026\/08\/IMG_1779.jpeg","_links":{"self":[{"href":"https:\/\/portalmovil.com.ar\/index.php\/wp-json\/wp\/v2\/posts\/123526","targetHints":{"allow":["GET"]}}],"collection":[{"href":"https:\/\/portalmovil.com.ar\/index.php\/wp-json\/wp\/v2\/posts"}],"about":[{"href":"https:\/\/portalmovil.com.ar\/index.php\/wp-json\/wp\/v2\/types\/post"}],"author":[{"embeddable":true,"href":"https:\/\/portalmovil.com.ar\/index.php\/wp-json\/wp\/v2\/users\/2"}],"replies":[{"embeddable":true,"href":"https:\/\/portalmovil.com.ar\/index.php\/wp-json\/wp\/v2\/comments?post=123526"}],"version-history":[{"count":1,"href":"https:\/\/portalmovil.com.ar\/index.php\/wp-json\/wp\/v2\/posts\/123526\/revisions"}],"predecessor-version":[{"id":123528,"href":"https:\/\/portalmovil.com.ar\/index.php\/wp-json\/wp\/v2\/posts\/123526\/revisions\/123528"}],"wp:featuredmedia":[{"embeddable":true,"href":"https:\/\/portalmovil.com.ar\/index.php\/wp-json\/wp\/v2\/media\/123527"}],"wp:attachment":[{"href":"https:\/\/portalmovil.com.ar\/index.php\/wp-json\/wp\/v2\/media?parent=123526"}],"wp:term":[{"taxonomy":"category","embeddable":true,"href":"https:\/\/portalmovil.com.ar\/index.php\/wp-json\/wp\/v2\/categories?post=123526"},{"taxonomy":"post_tag","embeddable":true,"href":"https:\/\/portalmovil.com.ar\/index.php\/wp-json\/wp\/v2\/tags?post=123526"}],"curies":[{"name":"wp","href":"https:\/\/api.w.org\/{rel}","templated":true}]}}