{"id":123523,"date":"2026-08-30T12:22:27","date_gmt":"2026-08-30T15:22:27","guid":{"rendered":"https:\/\/portalmovil.com.ar\/?p=123523"},"modified":"2026-08-30T12:22:28","modified_gmt":"2026-08-30T15:22:28","slug":"detuvieron-a-la-mujer-acusada-de-quemar-con-agua-hirviendo-a-su-expareja","status":"publish","type":"post","link":"https:\/\/portalmovil.com.ar\/index.php\/2026\/08\/30\/detuvieron-a-la-mujer-acusada-de-quemar-con-agua-hirviendo-a-su-expareja\/","title":{"rendered":"Detuvieron a la mujer acusada de quemar con agua hirviendo a su expareja"},"content":{"rendered":"\n<p class=\"wp-block-paragraph\">Luego de varias horas de b\u00fasqueda, efectivos policiales lograron detener a C.R., de 35 a\u00f1os, quien era buscada por un violento episodio ocurrido tras una discusi\u00f3n con su expareja.<\/p>\n\n\n\n<p class=\"wp-block-paragraph\">El hecho se registr\u00f3 el lunes por la noche en inmediaciones de calle Honestidad, entre Montevideo y La Paz. Seg\u00fan la denuncia, durante el altercado la mujer habr\u00eda arrojado agua hirviendo contra Juan Cruz Silvero, de 27 a\u00f1os, provoc\u00e1ndole importantes lesiones.<\/p>\n\n\n\n<p class=\"wp-block-paragraph\">Tras el ataque, el joven fue asistido y trasladado de urgencia al hospital Julio C. Perrando. Los m\u00e9dicos constataron que presentaba quemaduras de segundo grado en ambas manos, piernas y uno de sus muslos.<\/p>\n\n\n\n<p class=\"wp-block-paragraph\">La denuncia fue radicada por la madre del joven en la Comisar\u00eda 14\u00aa, se\u00f1alando a su exnuera como la presunta autora de las lesiones. A partir de la presentaci\u00f3n, la fiscal Lilian Irala orden\u00f3 la detenci\u00f3n de la mujer.<\/p>\n\n\n\n<p class=\"wp-block-paragraph\">Finalmente, durante la tarde del viernes, la Polic\u00eda recibi\u00f3 un llamado que alertaba sobre la presencia de C.R. caminando por la v\u00eda p\u00fablica, cerca de Montevideo y La Paz. Los agentes acudieron r\u00e1pidamente al lugar y concretaron su demora.<\/p>\n\n\n\n<p class=\"wp-block-paragraph\">La mujer qued\u00f3 detenida y a disposici\u00f3n de la Justicia, mientras avanza la investigaci\u00f3n para determinar las circunstancias en las que ocurri\u00f3 el violento episodio.<\/p>\n\n\n\n<p class=\"wp-block-paragraph\"><\/p>\n","protected":false},"excerpt":{"rendered":"<p>Luego de varias horas de b\u00fasqueda, efectivos policiales lograron detener a C.R., de 35 a\u00f1os, quien era buscada por un violento episodio ocurrido tras una discusi\u00f3n con su expareja. El hecho se registr\u00f3 el lunes por la noche en inmediaciones de calle Honestidad, entre Montevideo y La Paz. Seg\u00fan la denuncia, durante el altercado la &hellip;<\/p>\n","protected":false},"author":2,"featured_media":64351,"comment_status":"open","ping_status":"open","sticky":false,"template":"","format":"standard","meta":{"_jetpack_newsletter_access":"","_jetpack_dont_email_post_to_subs":false,"_jetpack_newsletter_tier_id":0,"_jetpack_memberships_contains_paywalled_content":false,"_jetpack_feature_clip_id":0,"_jetpack_memberships_contains_paid_content":false,"footnotes":"","jetpack_publicize_message":"","jetpack_publicize_feature_enabled":true,"jetpack_social_post_already_shared":true,"jetpack_social_options":{"image_generator_settings":{"template":"highway","default_image_id":0,"font":"","enabled":false},"version":2},"jetpack_post_was_ever_published":false},"categories":[8,37],"tags":[],"class_list":["post-123523","post","type-post","status-publish","format-standard","has-post-thumbnail","hentry","category-policiales","category-resistencia"],"jetpack_publicize_connections":[],"jetpack_sharing_enabled":true,"amp_enabled":true,"jetpack_featured_media_url":"https:\/\/portalmovil.com.ar\/wp-content\/uploads\/2022\/10\/b292e634-ba9a-4c61-8cf3-d7045dd72edc.jpg","_links":{"self":[{"href":"https:\/\/portalmovil.com.ar\/index.php\/wp-json\/wp\/v2\/posts\/123523","targetHints":{"allow":["GET"]}}],"collection":[{"href":"https:\/\/portalmovil.com.ar\/index.php\/wp-json\/wp\/v2\/posts"}],"about":[{"href":"https:\/\/portalmovil.com.ar\/index.php\/wp-json\/wp\/v2\/types\/post"}],"author":[{"embeddable":true,"href":"https:\/\/portalmovil.com.ar\/index.php\/wp-json\/wp\/v2\/users\/2"}],"replies":[{"embeddable":true,"href":"https:\/\/portalmovil.com.ar\/index.php\/wp-json\/wp\/v2\/comments?post=123523"}],"version-history":[{"count":1,"href":"https:\/\/portalmovil.com.ar\/index.php\/wp-json\/wp\/v2\/posts\/123523\/revisions"}],"predecessor-version":[{"id":123524,"href":"https:\/\/portalmovil.com.ar\/index.php\/wp-json\/wp\/v2\/posts\/123523\/revisions\/123524"}],"wp:featuredmedia":[{"embeddable":true,"href":"https:\/\/portalmovil.com.ar\/index.php\/wp-json\/wp\/v2\/media\/64351"}],"wp:attachment":[{"href":"https:\/\/portalmovil.com.ar\/index.php\/wp-json\/wp\/v2\/media?parent=123523"}],"wp:term":[{"taxonomy":"category","embeddable":true,"href":"https:\/\/portalmovil.com.ar\/index.php\/wp-json\/wp\/v2\/categories?post=123523"},{"taxonomy":"post_tag","embeddable":true,"href":"https:\/\/portalmovil.com.ar\/index.php\/wp-json\/wp\/v2\/tags?post=123523"}],"curies":[{"name":"wp","href":"https:\/\/api.w.org\/{rel}","templated":true}]}}