{"id":123517,"date":"2026-08-30T10:53:21","date_gmt":"2026-08-30T13:53:21","guid":{"rendered":"https:\/\/portalmovil.com.ar\/?p=123517"},"modified":"2026-08-30T10:53:21","modified_gmt":"2026-08-30T13:53:21","slug":"un-nino-conto-a-su-maestra-que-era-abusado-por-su-padre-quedo-detenido","status":"publish","type":"post","link":"https:\/\/portalmovil.com.ar\/index.php\/2026\/08\/30\/un-nino-conto-a-su-maestra-que-era-abusado-por-su-padre-quedo-detenido\/","title":{"rendered":"Un ni\u00f1o cont\u00f3 a su maestra que era abusado por su padre: qued\u00f3 detenido"},"content":{"rendered":"\n<p class=\"wp-block-paragraph\">Un ni\u00f1o de 11 a\u00f1os cont\u00f3 a su maestra una presunta situaci\u00f3n de abuso sexual que habr\u00eda sufrido en su domicilio. La docente realiz\u00f3 la denuncia y se activ\u00f3 un operativo que termin\u00f3 con la detenci\u00f3n del padre del menor.<\/p>\n\n\n\n<p class=\"wp-block-paragraph\">El hecho fue denunciado en las \u00faltimas horas en Avia Terai, luego de que la docente advirtiera que uno de sus alumnos se encontraba llorando y, al dialogar con \u00e9l, el ni\u00f1o relatara una situaci\u00f3n de extrema gravedad.<\/p>\n\n\n\n<p class=\"wp-block-paragraph\">De acuerdo con la denuncia, el menor manifest\u00f3 que evitaba ba\u00f1arse cuando su padre estaba en la vivienda porque, seg\u00fan su relato, el hombre ingresaba al ba\u00f1o y habr\u00eda realizado tocamientos. Tambi\u00e9n mencion\u00f3 un episodio que le habr\u00eda provocado un fuerte dolor.<\/p>\n\n\n\n<p class=\"wp-block-paragraph\">Ante la situaci\u00f3n, la docente inform\u00f3 lo ocurrido y el ni\u00f1o fue trasladado, acompa\u00f1ado por su abuelo, al Hospital 4 de Junio de Presidencia Roque S\u00e1enz Pe\u00f1a, donde recibi\u00f3 una evaluaci\u00f3n m\u00e9dica.<\/p>\n\n\n\n<p class=\"wp-block-paragraph\">A partir de las primeras averiguaciones, los investigadores determinaron que el hombre se\u00f1alado se encontraba trabajando en una zona rural de Fuerte Esperanza. Con la colaboraci\u00f3n de la Polic\u00eda local, fue localizado y detenido.<\/p>\n\n\n\n<p class=\"wp-block-paragraph\">El sospechoso, de 38 a\u00f1os, qued\u00f3 a disposici\u00f3n de la Justicia por orden del fiscal Gustavo Valero, titular de la Fiscal\u00eda N\u00b0 4 de S\u00e1enz Pe\u00f1a.<\/p>\n\n\n\n<p class=\"wp-block-paragraph\">Por otra parte, desde la Unidad de Protecci\u00f3n Integral (UPI) se dispuso que el ni\u00f1o permanezca en su domicilio bajo la guarda provisoria de su abuelo.<\/p>\n\n\n\n<p class=\"wp-block-paragraph\">La investigaci\u00f3n contin\u00faa para esclarecer lo ocurrido y determinar las responsabilidades correspondientes, mientras se adoptan medidas destinadas a resguardar al menor.<\/p>\n","protected":false},"excerpt":{"rendered":"<p>Un ni\u00f1o de 11 a\u00f1os cont\u00f3 a su maestra una presunta situaci\u00f3n de abuso sexual que habr\u00eda sufrido en su domicilio. La docente realiz\u00f3 la denuncia y se activ\u00f3 un operativo que termin\u00f3 con la detenci\u00f3n del padre del menor. El hecho fue denunciado en las \u00faltimas horas en Avia Terai, luego de que la &hellip;<\/p>\n","protected":false},"author":2,"featured_media":123518,"comment_status":"open","ping_status":"open","sticky":false,"template":"","format":"standard","meta":{"_jetpack_newsletter_access":"","_jetpack_dont_email_post_to_subs":false,"_jetpack_newsletter_tier_id":0,"_jetpack_memberships_contains_paywalled_content":false,"_jetpack_feature_clip_id":0,"_jetpack_memberships_contains_paid_content":false,"footnotes":"","jetpack_publicize_message":"","jetpack_publicize_feature_enabled":true,"jetpack_social_post_already_shared":true,"jetpack_social_options":{"image_generator_settings":{"template":"highway","default_image_id":0,"font":"","enabled":false},"version":2},"jetpack_post_was_ever_published":false},"categories":[5,8],"tags":[],"class_list":["post-123517","post","type-post","status-publish","format-standard","has-post-thumbnail","hentry","category-chaco","category-policiales"],"jetpack_publicize_connections":[],"jetpack_sharing_enabled":true,"amp_enabled":true,"jetpack_featured_media_url":"https:\/\/portalmovil.com.ar\/wp-content\/uploads\/2026\/08\/IMG_1771.webp","_links":{"self":[{"href":"https:\/\/portalmovil.com.ar\/index.php\/wp-json\/wp\/v2\/posts\/123517","targetHints":{"allow":["GET"]}}],"collection":[{"href":"https:\/\/portalmovil.com.ar\/index.php\/wp-json\/wp\/v2\/posts"}],"about":[{"href":"https:\/\/portalmovil.com.ar\/index.php\/wp-json\/wp\/v2\/types\/post"}],"author":[{"embeddable":true,"href":"https:\/\/portalmovil.com.ar\/index.php\/wp-json\/wp\/v2\/users\/2"}],"replies":[{"embeddable":true,"href":"https:\/\/portalmovil.com.ar\/index.php\/wp-json\/wp\/v2\/comments?post=123517"}],"version-history":[{"count":1,"href":"https:\/\/portalmovil.com.ar\/index.php\/wp-json\/wp\/v2\/posts\/123517\/revisions"}],"predecessor-version":[{"id":123519,"href":"https:\/\/portalmovil.com.ar\/index.php\/wp-json\/wp\/v2\/posts\/123517\/revisions\/123519"}],"wp:featuredmedia":[{"embeddable":true,"href":"https:\/\/portalmovil.com.ar\/index.php\/wp-json\/wp\/v2\/media\/123518"}],"wp:attachment":[{"href":"https:\/\/portalmovil.com.ar\/index.php\/wp-json\/wp\/v2\/media?parent=123517"}],"wp:term":[{"taxonomy":"category","embeddable":true,"href":"https:\/\/portalmovil.com.ar\/index.php\/wp-json\/wp\/v2\/categories?post=123517"},{"taxonomy":"post_tag","embeddable":true,"href":"https:\/\/portalmovil.com.ar\/index.php\/wp-json\/wp\/v2\/tags?post=123517"}],"curies":[{"name":"wp","href":"https:\/\/api.w.org\/{rel}","templated":true}]}}