{"id":12343,"date":"2020-09-09T10:22:33","date_gmt":"2020-09-09T13:22:33","guid":{"rendered":"https:\/\/portalmovil.com.ar\/?p=12343"},"modified":"2020-09-09T10:22:33","modified_gmt":"2020-09-09T13:22:33","slug":"otorgaran-un-subsidio-a-victimas-de-violencia-de-genero","status":"publish","type":"post","link":"https:\/\/portalmovil.com.ar\/index.php\/2020\/09\/09\/otorgaran-un-subsidio-a-victimas-de-violencia-de-genero\/","title":{"rendered":"Otorgar\u00e1n un subsidio a v\u00edctimas de violencia de g\u00e9nero"},"content":{"rendered":"\n<p>El gobierno de\u00a0Alberto Fern\u00e1ndez\u00a0oficializ\u00f3 este mi\u00e9rcoles la creaci\u00f3n del Programa Acompa\u00f1ar que brindar\u00e1 asistencia econ\u00f3mica directa a las personas que se encuentran en riesgo por situaciones de violencia de g\u00e9nero. La iniciativa se enmarca en el Plan Nacional de Acci\u00f3n contras las Violencias 2020-2022 elaborado por el ministerios de las Mujeres, G\u00e9neros y Diversidad de la Naci\u00f3n que conduce\u00a0Elizabeth G\u00f3mez Alcorta.<\/p>\n\n\n\n<p>Por medio del decreto Decreto 734\/2020 publicado hoy en el Bolet\u00edn Oficial y que lleva las firmas del presidente Fern\u00e1ndez, de G\u00f3mez Alcorta y del jefe de Gabinete&nbsp;<strong>Santiago Cafiero,<\/strong>se dispuso&nbsp;el pago de una asignaci\u00f3n equivalente a un Salario M\u00ednimo, Vital y M\u00f3vil no reintegrable, de car\u00e1cter personal, no renovable y no contributiva, por un per\u00edodo de seis meses consecutivos&nbsp;a mujeres y personas LGBTI+ que atraviesan situaciones de violencia por motivos de g\u00e9nero.<\/p>\n\n\n\n<p>El factor econ\u00f3mico suele ser el principal motivo por el cual las v\u00edctimas no pueden escapar de la situaci\u00f3n de violencia y riesgo que viven cada d\u00eda y quedan \u00abatadas\u00bb a su victimario&nbsp;que renueva as\u00ed de manera peri\u00f3dica el ciclo de violencia. El programa Acompa\u00f1ar busca as\u00ed brindarles independencia econ\u00f3mica para que este factor no les impida ya poner fin a esa situaci\u00f3n.<\/p>\n\n\n\n<p>\u00abEste instrumento se inscribe en el nuevo paradigma de abordaje integral de las violencias que contempla impulsar pol\u00edticas p\u00fablicas para crear condiciones materiales para que las personas y grupos m\u00e1s afectados por las violencias de g\u00e9nero puedan desarrollar un proyecto de vida aut\u00f3nomo\u00bb, indicaron desde la cartera que conduce G\u00f3mez Alcorta. El programa ser\u00e1 implementado por el ministerio de las Mujeres, G\u00e9neros y Diversidad de manera conjunta con ANSES, a trav\u00e9s de convenios que se firmar\u00e1n con las provincias y los municipios.<\/p>\n\n\n\n<p>Este nuevo programa se complementa adem\u00e1s con el programa Potenciar Trabajo que el ministerio de las Mujeres ya viene ejecutando junto al ministerio de Desarrollo Social de la Naci\u00f3n y que tambi\u00e9n apunta a fortalecer la autonom\u00eda econ\u00f3mica de mujeres en situaci\u00f3n de violencia por motivos de g\u00e9nero.<\/p>\n\n\n\n<p>\u201cEstamos convencidas de que&nbsp;es necesario reconocer las capacidades y fortalecer los recursos de las personas en situaci\u00f3n de violencias para que puedan construir proyectos de vida libres de violencia. Para esto es necesario un Estado presente, que promueva intervenciones que no se concentren s\u00f3lo en la emergencia, sino que permitan brindar una asistencia y un acompa\u00f1amiento integral. En este contexto, el programa Acompa\u00f1ar es una pol\u00edtica p\u00fablica que tiene como horizonte, junto a otras que estamos implementando, modificar las condiciones estructurales que reproducen las violencias por motivos de g\u00e9nero\u201d, explic\u00f3 G\u00f3mez Alcorta.<\/p>\n\n\n\n<h3 class=\"wp-block-heading\"><strong>Claves del programa:<\/strong><\/h3>\n\n\n\n<p>* Destinatarios: Personas en situaci\u00f3n de violencias por motivos de g\u00e9nero que se encuentren en riesgo.<\/p>\n\n\n\n<h3 class=\"wp-block-heading\">* Objetivos:<\/h3>\n\n\n\n<p>&#8211; Otorgar un&nbsp;apoyo econ\u00f3mico a personas que se encuentran en riesgo por situaci\u00f3n de violencia por motivos de g\u00e9nero para cubrir los gastos esenciales de organizaci\u00f3n y desarrollo de un proyecto de vida aut\u00f3nomo y libre de violencias.<\/p>\n\n\n\n<p>&#8211; Fortalecer redes de acompa\u00f1amiento para promover la autonom\u00eda econ\u00f3mica de las mujeres y personas LGBTI+ en contextos de violencia por motivos de g\u00e9nero.<\/p>\n\n\n\n<p>* Acciones: Transferencias monetarias equivalentes a&nbsp;un Salario M\u00ednimo, Vital y M\u00f3vil no reintegrable, de car\u00e1cter personal, no renovable y no contributiva, por un per\u00edodo de seis meses consecutivos&nbsp;a mujeres y personas LGBTI+ que se encuentran en riesgo por situaci\u00f3n de violencia por motivos de g\u00e9nero.<\/p>\n\n\n\n<p>* Las personas incluidas en el programa contar\u00e1n con acompa\u00f1amiento integral y acceso a dispositivos de fortalecimiento psicosocial, de forma coordinada entre el MMGyD y los gobiernos provinciales y locales.<\/p>\n\n\n\n<p>*&nbsp;El programa abarcar\u00e1 territorialmente a todas las provincias del pa\u00eds.<\/p>\n\n\n\n<p>* Para acceder a la prestaci\u00f3n&nbsp;se requerir\u00e1 acreditar la situaci\u00f3n de riesgo por violencia por motivos de g\u00e9nero&nbsp;mediante un informe social de un dispositivo de atenci\u00f3n oficial de violencias local, provincial o de la CABA<\/p>\n\n\n\n<p>* Podr\u00e1 requerir la prestaci\u00f3n toda persona residente en el pa\u00eds que sea&nbsp;ciudadana argentina nativa, por opci\u00f3n o naturalizada; o extranjera con residencia legal en la Rep\u00fablica Argentina no inferior a un a\u00f1o anterior a la solicitud, a partir de los 18 a\u00f1os de edad.<\/p>\n\n\n\n<p>*&nbsp;Este apoyo econ\u00f3mico es compatible con:<\/p>\n\n\n\n<p>&#8211; Asignaci\u00f3n Universal por hijo o hija;<\/p>\n\n\n\n<p>&#8211; Asignaci\u00f3n Universal por Embarazo para Protecci\u00f3n Social;<\/p>\n\n\n\n<p>&#8211; Asignaci\u00f3n por hijo o hija con discapacidad;<\/p>\n\n\n\n<p>&#8211; Monotributo Social,<\/p>\n\n\n\n<p>&#8211; Ingreso Familiar de Emergencia (IFE)<\/p>\n\n\n\n<p>&#8211; Trabajo registrado bajo el R\u00e9gimen Especial de Contrato de Trabajo para el Personal de Casas Particulares.<\/p>\n\n\n\n<p>*&nbsp;No podr\u00e1n acceder a este programa quienes gocen de:<\/p>\n\n\n\n<p>&#8211; Ingresos por trabajo en relaci\u00f3n de dependencia registrado en el sector p\u00fablico o privado; monotributo; y r\u00e9gimen de aut\u00f3nomos<\/p>\n\n\n\n<p>&#8211; Subsidio o prestaci\u00f3n monetaria no reintegrable con fines de empleo y\/o capacitaci\u00f3n otorgado por el Estado nacional<\/p>\n\n\n\n<p>&#8211; Jubilaciones, Pensiones, o Retiros de car\u00e1cter contributivo o no contributivo, sean nacionales, provinciales, municipales, o de la CABA<\/p>\n\n\n\n<p>&#8211; Pensi\u00f3n Universal para el Adulto Mayor<\/p>\n\n\n\n<p>&#8211; Prestaci\u00f3n por desempleo.<\/p>\n\n\n\n<p>* La percepci\u00f3n de este apoyo econ\u00f3mico cesa por:<\/p>\n\n\n\n<p>&#8211; Fallecimiento de la persona destinataria;<\/p>\n\n\n\n<p>&#8211; Renuncia expresa;<\/p>\n\n\n\n<p>&#8211; Ingreso a otro programa social de apoyo econ\u00f3mico destinado a personas en situaci\u00f3n de violencia por motivos de g\u00e9nero;<\/p>\n\n\n\n<p>&#8211; Incompatibilidad sobreviniente al otorgamiento por verificarse alguno de los supuestos previstos anteriormente.<\/p>\n","protected":false},"excerpt":{"rendered":"<p>El gobierno de\u00a0Alberto Fern\u00e1ndez\u00a0oficializ\u00f3 este mi\u00e9rcoles la creaci\u00f3n del Programa Acompa\u00f1ar que brindar\u00e1 asistencia econ\u00f3mica directa a las personas que se encuentran en riesgo por situaciones de violencia de g\u00e9nero. La iniciativa se enmarca en el Plan Nacional de Acci\u00f3n contras las Violencias 2020-2022 elaborado por el ministerios de las Mujeres, G\u00e9neros y Diversidad de &hellip;<\/p>\n","protected":false},"author":2,"featured_media":12344,"comment_status":"open","ping_status":"open","sticky":false,"template":"","format":"standard","meta":{"_jetpack_memberships_contains_paid_content":false,"footnotes":"","jetpack_publicize_message":"","jetpack_publicize_feature_enabled":true,"jetpack_social_post_already_shared":true,"jetpack_social_options":{"image_generator_settings":{"template":"highway","default_image_id":0,"font":"","enabled":false},"version":2}},"categories":[34],"tags":[],"class_list":["post-12343","post","type-post","status-publish","format-standard","has-post-thumbnail","hentry","category-nacional"],"jetpack_publicize_connections":[],"jetpack_featured_media_url":"https:\/\/portalmovil.com.ar\/wp-content\/uploads\/2020\/09\/f800x450-23570_75016_0.jpg","jetpack_sharing_enabled":true,"amp_enabled":true,"_links":{"self":[{"href":"https:\/\/portalmovil.com.ar\/index.php\/wp-json\/wp\/v2\/posts\/12343","targetHints":{"allow":["GET"]}}],"collection":[{"href":"https:\/\/portalmovil.com.ar\/index.php\/wp-json\/wp\/v2\/posts"}],"about":[{"href":"https:\/\/portalmovil.com.ar\/index.php\/wp-json\/wp\/v2\/types\/post"}],"author":[{"embeddable":true,"href":"https:\/\/portalmovil.com.ar\/index.php\/wp-json\/wp\/v2\/users\/2"}],"replies":[{"embeddable":true,"href":"https:\/\/portalmovil.com.ar\/index.php\/wp-json\/wp\/v2\/comments?post=12343"}],"version-history":[{"count":2,"href":"https:\/\/portalmovil.com.ar\/index.php\/wp-json\/wp\/v2\/posts\/12343\/revisions"}],"predecessor-version":[{"id":12347,"href":"https:\/\/portalmovil.com.ar\/index.php\/wp-json\/wp\/v2\/posts\/12343\/revisions\/12347"}],"wp:featuredmedia":[{"embeddable":true,"href":"https:\/\/portalmovil.com.ar\/index.php\/wp-json\/wp\/v2\/media\/12344"}],"wp:attachment":[{"href":"https:\/\/portalmovil.com.ar\/index.php\/wp-json\/wp\/v2\/media?parent=12343"}],"wp:term":[{"taxonomy":"category","embeddable":true,"href":"https:\/\/portalmovil.com.ar\/index.php\/wp-json\/wp\/v2\/categories?post=12343"},{"taxonomy":"post_tag","embeddable":true,"href":"https:\/\/portalmovil.com.ar\/index.php\/wp-json\/wp\/v2\/tags?post=12343"}],"curies":[{"name":"wp","href":"https:\/\/api.w.org\/{rel}","templated":true}]}}