{"id":12337,"date":"2020-09-09T08:33:16","date_gmt":"2020-09-09T11:33:16","guid":{"rendered":"https:\/\/portalmovil.com.ar\/?p=12337"},"modified":"2020-09-09T08:33:19","modified_gmt":"2020-09-09T11:33:19","slug":"donald-trump-fue-nominado-para-el-premio-nobel-de-la-paz","status":"publish","type":"post","link":"https:\/\/portalmovil.com.ar\/index.php\/2020\/09\/09\/donald-trump-fue-nominado-para-el-premio-nobel-de-la-paz\/","title":{"rendered":"Donald Trump fue nominado para el Premio Nobel de la Paz"},"content":{"rendered":"\n<p>El presidente de\u00a0Estados Unidos,\u00a0Donald Trump, fue nominado para el\u00a0Premio Nobel\u00a0de la Paz, por\u00a0sus esfuerzos para ayudar a negociar el acuerdo de paz entre Israel y Emiratos \u00c1rabes Unidos.<\/p>\n\n\n\n<p>La nominaci\u00f3n fue presentada por Christian Tybring-Gjedde, miembro del Parlamento noruego, quien elogi\u00f3 los esfuerzos de Trump para resolver conflictos prolongados en el mundo.<\/p>\n\n\n\n<p>\u00abPor su m\u00e9rito, creo que ha intentado crear la paz entre las naciones m\u00e1s que la mayor\u00eda de los nominados al Premio (Nobel) de la Paz\u00bb, dijo Tybring-Gjedde en una entrevista a\u00a0<em><strong>Fox News<\/strong>.<\/em><\/p>\n\n\n\n<p>En su carta con la nominaci\u00f3n remitida al Comit\u00e9 Noruego del Nobel, el parlamentario destac\u00f3 el rol de la Administraci\u00f3n Trump en el establecimiento de las relaciones entre Israel y Emiratos \u00c1rabes Unidos, y espera que otros pa\u00edses de la regi\u00f3n sigan los mismos pasos de Abu Dabi.\u00a0\u00abEste acuerdo podr\u00eda cambiar las reglas del juego que convertir\u00e1 a Oriente Medio en una regi\u00f3n de cooperaci\u00f3n y prosperidad\u00bb, escribi\u00f3.<\/p>\n\n\n\n<p>Asimismo, Tybring-Gjedde a\u00f1adi\u00f3 que el rol de Trump en facilitar los contactos entre las partes y crear nuevas din\u00e1micas en conflictos prolongados, como\u00a0la disputa en la frontera de Cachemira entre India y Pakist\u00e1n o el conflicto entre las dos Coreas,\u00a0as\u00ed como lidiar con las capacidades nucleares de Corea Norte, ha sido clave.<\/p>\n\n\n\n<p>El pol\u00edtico noruego\u00a0ensalza a Trump por reducir el n\u00famero de tropas estadounidenses en Oriente Medio. \u201cSin duda, Trump ha roto con una tendencia de 39 a\u00f1os de presidentes americanos que o comienzan una guerra o llevan a EE UU a un conflicto internacional armado. El \u00faltimo presidente en evitar esto fue el laureado con el Premio Nobel de la Paz,\u00a0Jimmy Carter\u201d, escribi\u00f3 Tybring-Gjedde en la carta para justificar la candidatura del presidente estadounidense.<\/p>\n","protected":false},"excerpt":{"rendered":"<p>El presidente de\u00a0Estados Unidos,\u00a0Donald Trump, fue nominado para el\u00a0Premio Nobel\u00a0de la Paz, por\u00a0sus esfuerzos para ayudar a negociar el acuerdo de paz entre Israel y Emiratos \u00c1rabes Unidos. La nominaci\u00f3n fue presentada por Christian Tybring-Gjedde, miembro del Parlamento noruego, quien elogi\u00f3 los esfuerzos de Trump para resolver conflictos prolongados en el mundo. \u00abPor su m\u00e9rito, &hellip;<\/p>\n","protected":false},"author":2,"featured_media":1496,"comment_status":"open","ping_status":"open","sticky":false,"template":"","format":"standard","meta":{"_jetpack_memberships_contains_paid_content":false,"footnotes":"","jetpack_publicize_message":"","jetpack_publicize_feature_enabled":true,"jetpack_social_post_already_shared":true,"jetpack_social_options":{"image_generator_settings":{"template":"highway","default_image_id":0,"font":"","enabled":false},"version":2}},"categories":[17,12],"tags":[],"class_list":["post-12337","post","type-post","status-publish","format-standard","has-post-thumbnail","hentry","category-mundo","category-ultimo"],"jetpack_publicize_connections":[],"jetpack_featured_media_url":"https:\/\/portalmovil.com.ar\/wp-content\/uploads\/2020\/02\/Trump-9.jpg","jetpack_sharing_enabled":true,"amp_enabled":true,"_links":{"self":[{"href":"https:\/\/portalmovil.com.ar\/index.php\/wp-json\/wp\/v2\/posts\/12337","targetHints":{"allow":["GET"]}}],"collection":[{"href":"https:\/\/portalmovil.com.ar\/index.php\/wp-json\/wp\/v2\/posts"}],"about":[{"href":"https:\/\/portalmovil.com.ar\/index.php\/wp-json\/wp\/v2\/types\/post"}],"author":[{"embeddable":true,"href":"https:\/\/portalmovil.com.ar\/index.php\/wp-json\/wp\/v2\/users\/2"}],"replies":[{"embeddable":true,"href":"https:\/\/portalmovil.com.ar\/index.php\/wp-json\/wp\/v2\/comments?post=12337"}],"version-history":[{"count":1,"href":"https:\/\/portalmovil.com.ar\/index.php\/wp-json\/wp\/v2\/posts\/12337\/revisions"}],"predecessor-version":[{"id":12338,"href":"https:\/\/portalmovil.com.ar\/index.php\/wp-json\/wp\/v2\/posts\/12337\/revisions\/12338"}],"wp:featuredmedia":[{"embeddable":true,"href":"https:\/\/portalmovil.com.ar\/index.php\/wp-json\/wp\/v2\/media\/1496"}],"wp:attachment":[{"href":"https:\/\/portalmovil.com.ar\/index.php\/wp-json\/wp\/v2\/media?parent=12337"}],"wp:term":[{"taxonomy":"category","embeddable":true,"href":"https:\/\/portalmovil.com.ar\/index.php\/wp-json\/wp\/v2\/categories?post=12337"},{"taxonomy":"post_tag","embeddable":true,"href":"https:\/\/portalmovil.com.ar\/index.php\/wp-json\/wp\/v2\/tags?post=12337"}],"curies":[{"name":"wp","href":"https:\/\/api.w.org\/{rel}","templated":true}]}}