{"id":12270,"date":"2020-09-07T14:20:53","date_gmt":"2020-09-07T17:20:53","guid":{"rendered":"https:\/\/portalmovil.com.ar\/?p=12270"},"modified":"2020-09-07T14:20:59","modified_gmt":"2020-09-07T17:20:59","slug":"entregaron-8-viviendas-en-el-barrio-chacra-24-de-resistencia","status":"publish","type":"post","link":"https:\/\/portalmovil.com.ar\/index.php\/2020\/09\/07\/entregaron-8-viviendas-en-el-barrio-chacra-24-de-resistencia\/","title":{"rendered":"Entregaron 8 viviendas en el barrio Chacra 24 de Resistencia"},"content":{"rendered":"\n<p>El Instituto Provincial para la Inclusi\u00f3n de las Personas con Discapacidad del Chaco (IPRODICH) entreg\u00f3, junto al Instituto Provincial de Desarrollo Urbano y Vivienda (IPDUV) y al Ministerio de Desarrollo Social provincial, ocho viviendas, de las cuales dos son totalmente accesibles y adaptadas para distintas familias con hijos con discapacidad.<\/p>\n\n\n\n<p>De la entrega, en la \u201cChacra 24\u201d de Resistencia, participaron el presidente del IPRODICH Jos\u00e9 Lorenzo, el vocal del IPDUV Mariano Brahim y Miriam Gatica, asistente social del Ministerio de Desarrollo Social.<\/p>\n\n\n\n<p>Estas entregas se realizan mediante un trabajo articulado entre los diversos entes del Estado que contempla una tarea previa de relevamiento de datos.<\/p>\n\n\n\n<p>\u201cJunto al instituto de vivienda y otros organismos gubernamentales estamos brindando r\u00e1pidas respuestas a las necesidades urgentes y excepcionales de familias compuestas por al menos una persona con discapacidad\u201d, resalt\u00f3 Lorenzo.<\/p>\n\n\n\n<p>En ese sentido destac\u00f3 la importancia del Estado y las pol\u00edticas p\u00fablicas en contexto de emergencia sanitaria. \u201cEn un contexto adverso por la pandemia de Covid-19, seguimos adelante con este gran despliegue conjunto a fin de mejorar la calidad de vida de cada chaque\u00f1o y chaque\u00f1a con discapacidad\u201d, se\u00f1al\u00f3.<\/p>\n\n\n\n<p>De esta manera los organismos refuerzan el trabajo articulado para brindar respuestas integrales a las y los chaque\u00f1os. \u201cSe trabaja en conjunto buscando abordar y brindar respuestas a las necesidades existentes de emergencia\u201d, sostuvo Brahim.<\/p>\n","protected":false},"excerpt":{"rendered":"<p>El Instituto Provincial para la Inclusi\u00f3n de las Personas con Discapacidad del Chaco (IPRODICH) entreg\u00f3, junto al Instituto Provincial de Desarrollo Urbano y Vivienda (IPDUV) y al Ministerio de Desarrollo Social provincial, ocho viviendas, de las cuales dos son totalmente accesibles y adaptadas para distintas familias con hijos con discapacidad. De la entrega, en la &hellip;<\/p>\n","protected":false},"author":2,"featured_media":12271,"comment_status":"open","ping_status":"open","sticky":false,"template":"","format":"standard","meta":{"_jetpack_memberships_contains_paid_content":false,"footnotes":"","jetpack_publicize_message":"","jetpack_publicize_feature_enabled":true,"jetpack_social_post_already_shared":true,"jetpack_social_options":{"image_generator_settings":{"template":"highway","default_image_id":0,"font":"","enabled":false},"version":2}},"categories":[14,37],"tags":[],"class_list":["post-12270","post","type-post","status-publish","format-standard","has-post-thumbnail","hentry","category-politica","category-resistencia"],"jetpack_publicize_connections":[],"jetpack_featured_media_url":"https:\/\/portalmovil.com.ar\/wp-content\/uploads\/2020\/09\/Iprodichzzz-696x522-1.jpg","jetpack_sharing_enabled":true,"amp_enabled":true,"_links":{"self":[{"href":"https:\/\/portalmovil.com.ar\/index.php\/wp-json\/wp\/v2\/posts\/12270","targetHints":{"allow":["GET"]}}],"collection":[{"href":"https:\/\/portalmovil.com.ar\/index.php\/wp-json\/wp\/v2\/posts"}],"about":[{"href":"https:\/\/portalmovil.com.ar\/index.php\/wp-json\/wp\/v2\/types\/post"}],"author":[{"embeddable":true,"href":"https:\/\/portalmovil.com.ar\/index.php\/wp-json\/wp\/v2\/users\/2"}],"replies":[{"embeddable":true,"href":"https:\/\/portalmovil.com.ar\/index.php\/wp-json\/wp\/v2\/comments?post=12270"}],"version-history":[{"count":1,"href":"https:\/\/portalmovil.com.ar\/index.php\/wp-json\/wp\/v2\/posts\/12270\/revisions"}],"predecessor-version":[{"id":12272,"href":"https:\/\/portalmovil.com.ar\/index.php\/wp-json\/wp\/v2\/posts\/12270\/revisions\/12272"}],"wp:featuredmedia":[{"embeddable":true,"href":"https:\/\/portalmovil.com.ar\/index.php\/wp-json\/wp\/v2\/media\/12271"}],"wp:attachment":[{"href":"https:\/\/portalmovil.com.ar\/index.php\/wp-json\/wp\/v2\/media?parent=12270"}],"wp:term":[{"taxonomy":"category","embeddable":true,"href":"https:\/\/portalmovil.com.ar\/index.php\/wp-json\/wp\/v2\/categories?post=12270"},{"taxonomy":"post_tag","embeddable":true,"href":"https:\/\/portalmovil.com.ar\/index.php\/wp-json\/wp\/v2\/tags?post=12270"}],"curies":[{"name":"wp","href":"https:\/\/api.w.org\/{rel}","templated":true}]}}