{"id":12260,"date":"2020-09-07T09:42:57","date_gmt":"2020-09-07T12:42:57","guid":{"rendered":"https:\/\/portalmovil.com.ar\/?p=12260"},"modified":"2020-09-07T09:43:53","modified_gmt":"2020-09-07T12:43:53","slug":"segun-las-consultoras-la-inflacion-de-agosto-sera-menor-al-3","status":"publish","type":"post","link":"https:\/\/portalmovil.com.ar\/index.php\/2020\/09\/07\/segun-las-consultoras-la-inflacion-de-agosto-sera-menor-al-3\/","title":{"rendered":"Seg\u00fan las consultoras, la inflaci\u00f3n de agosto ser\u00e1 menor al 3%"},"content":{"rendered":"\n<p>La&nbsp;inflaci\u00f3n&nbsp;de agosto se ubicar\u00eda por debajo del 3 por ciento&nbsp;y la&nbsp;medici\u00f3n interanual arrojar\u00eda un incremento de 40,5 por ciento, lo que ser\u00eda el&nbsp;m\u00e1s bajo desde septiembre de 2018, de acuerdo con el relevamiento de consultoras privadas.<\/p>\n\n\n\n<p>De acuerdo con el estudio de\u00a0Ecolatina, la inflaci\u00f3n de agosto fue de\u00a02,6 por ciento\u00a0y la anual estar\u00e1 alrededor del 38,5 por ciento. Es un n\u00famero parecido al proyectado por el economista\u00a0Orlando Ferreres, 2,7 por ciento.<\/p>\n\n\n\n<p>A su vez, las estimaciones de agosto del \u00faltimo\u00a0Relevamiento de Expectativas de Mercado (REM)\u00a0del Banco Central se ubicaron en el\u00a03 por ciento.<\/p>\n\n\n\n<p>Mientras tanto, el&nbsp;INDEC&nbsp;informar\u00e1 su indicador nacional del Indice de&nbsp;Precios&nbsp;al Consumidor (IPC) en un plazo de dos semanas y, si corrobora los datos privados, la inflaci\u00f3n interanual desacelerar\u00e1 hasta 40,5 por ciento, el nivel m\u00e1s bajo desde septiembre de 2018.<\/p>\n\n\n\n<p>Entre consultoras&nbsp;ya hay coincidencia en que el \u00edndice de inflaci\u00f3n cerrar\u00e1 por abajo del 40 por ciento cuando termine el a\u00f1o y para el \u00faltimo trimestre de 2020 el grueso de las proyecciones a punta a un IPC que rondar\u00e1 el 4 por ciento mensual, marcando la desaceleraci\u00f3n de precios.<\/p>\n\n\n\n<p>Las proyecciones privadas estiman una aceleraci\u00f3n de la inflaci\u00f3n de aqu\u00ed a fin de a\u00f1o, de la mano de la apertura paulatina que se espera para la cuarentena y su impacto positivo en el consumo, y por el deslizamiento continuo del d\u00f3lar.<\/p>\n\n\n\n<p>La inflaci\u00f3n acelerar\u00e1 en los \u00faltimos meses del a\u00f1o pero la interanual ceder\u00e1 respecto de niveles actuales, porque la de agosto tiene cargados saltos inflacionarios alt\u00edsimos que se dieron en los \u00faltimos meses del 2019, seg\u00fan las consultoras.<\/p>\n\n\n\n<p>Sobre el comportamiento de los precios en agosto, Ecolatina destac\u00f3 que el rubro esparcimiento registr\u00f3 el mayor aumento con 3,6 por ciento, el de equipos de audio, televisi\u00f3n y computaci\u00f3n un 3,2 por ciento y el de mantenimiento del hogar creci\u00f3 3,4 por ciento.<\/p>\n","protected":false},"excerpt":{"rendered":"<p>La&nbsp;inflaci\u00f3n&nbsp;de agosto se ubicar\u00eda por debajo del 3 por ciento&nbsp;y la&nbsp;medici\u00f3n interanual arrojar\u00eda un incremento de 40,5 por ciento, lo que ser\u00eda el&nbsp;m\u00e1s bajo desde septiembre de 2018, de acuerdo con el relevamiento de consultoras privadas. De acuerdo con el estudio de\u00a0Ecolatina, la inflaci\u00f3n de agosto fue de\u00a02,6 por ciento\u00a0y la anual estar\u00e1 alrededor del &hellip;<\/p>\n","protected":false},"author":2,"featured_media":11110,"comment_status":"open","ping_status":"open","sticky":false,"template":"","format":"standard","meta":{"_jetpack_memberships_contains_paid_content":false,"footnotes":"","jetpack_publicize_message":"","jetpack_publicize_feature_enabled":true,"jetpack_social_post_already_shared":true,"jetpack_social_options":{"image_generator_settings":{"template":"highway","default_image_id":0,"font":"","enabled":false},"version":2}},"categories":[175,34],"tags":[],"class_list":["post-12260","post","type-post","status-publish","format-standard","has-post-thumbnail","hentry","category-economia","category-nacional"],"jetpack_publicize_connections":[],"jetpack_featured_media_url":"https:\/\/portalmovil.com.ar\/wp-content\/uploads\/2020\/08\/inflacion_febrero_cesyac_crop1551871230948_x1x_crop1563878217644_crop1563909306246.jpg_258117318-730x410-1.jpg","jetpack_sharing_enabled":true,"amp_enabled":true,"_links":{"self":[{"href":"https:\/\/portalmovil.com.ar\/index.php\/wp-json\/wp\/v2\/posts\/12260","targetHints":{"allow":["GET"]}}],"collection":[{"href":"https:\/\/portalmovil.com.ar\/index.php\/wp-json\/wp\/v2\/posts"}],"about":[{"href":"https:\/\/portalmovil.com.ar\/index.php\/wp-json\/wp\/v2\/types\/post"}],"author":[{"embeddable":true,"href":"https:\/\/portalmovil.com.ar\/index.php\/wp-json\/wp\/v2\/users\/2"}],"replies":[{"embeddable":true,"href":"https:\/\/portalmovil.com.ar\/index.php\/wp-json\/wp\/v2\/comments?post=12260"}],"version-history":[{"count":2,"href":"https:\/\/portalmovil.com.ar\/index.php\/wp-json\/wp\/v2\/posts\/12260\/revisions"}],"predecessor-version":[{"id":12262,"href":"https:\/\/portalmovil.com.ar\/index.php\/wp-json\/wp\/v2\/posts\/12260\/revisions\/12262"}],"wp:featuredmedia":[{"embeddable":true,"href":"https:\/\/portalmovil.com.ar\/index.php\/wp-json\/wp\/v2\/media\/11110"}],"wp:attachment":[{"href":"https:\/\/portalmovil.com.ar\/index.php\/wp-json\/wp\/v2\/media?parent=12260"}],"wp:term":[{"taxonomy":"category","embeddable":true,"href":"https:\/\/portalmovil.com.ar\/index.php\/wp-json\/wp\/v2\/categories?post=12260"},{"taxonomy":"post_tag","embeddable":true,"href":"https:\/\/portalmovil.com.ar\/index.php\/wp-json\/wp\/v2\/tags?post=12260"}],"curies":[{"name":"wp","href":"https:\/\/api.w.org\/{rel}","templated":true}]}}