{"id":12139,"date":"2020-09-03T22:20:42","date_gmt":"2020-09-04T01:20:42","guid":{"rendered":"https:\/\/portalmovil.com.ar\/?p=12139"},"modified":"2020-09-03T22:20:46","modified_gmt":"2020-09-04T01:20:46","slug":"se-invertiran-40-millones-para-refaccionar-residencias-de-adultos-mayores","status":"publish","type":"post","link":"https:\/\/portalmovil.com.ar\/index.php\/2020\/09\/03\/se-invertiran-40-millones-para-refaccionar-residencias-de-adultos-mayores\/","title":{"rendered":"Se invertir\u00e1n $40 millones para refaccionar residencias de adultos mayores"},"content":{"rendered":"\n<p>El gobernador Jorge Capitanich y la vicegobernadora, lanzaron este jueves el programa de Pol\u00edticas Gerontol\u00f3gicas para distintos municipios de la provincia, que incluye refacci\u00f3n de residencias de adultos mayores y los cursos de formaci\u00f3n para intendentes y sus equipos de gobierno.<\/p>\n\n\n\n<p>A trav\u00e9s de un convenio firmado con los jefes comunales de La Escondida, Presidencia La Plaza, San Bernardo y San Mart\u00edn, el Gobierno provincial realizar\u00e1 trabajos de infraestructura por 40 millones de pesos en los espacios que contienen a adultos mayores en estas localidades.<\/p>\n\n\n\n<p>En cuanto a la instancia de formaci\u00f3n de pol\u00edticas p\u00fablicas de gerontolog\u00eda, estar\u00e1 destinada a funcionarios de 37 comunas chaque\u00f1as. Estipula tambi\u00e9n la creaci\u00f3n de nuevas \u00e1reas gerontol\u00f3gicas hacia dentro de cada jurisdicci\u00f3n para dise\u00f1ar estrategias que refuercen las estructuras existentes y que promuevan una vida saludable y activa para la tercera edad.<\/p>\n\n\n\n<p>El gobernador se\u00f1al\u00f3 que la pandemia por Covid-19 puso en evidencia el abandono de muchos adultos mayores por parte de su entorno. \u201cEl Chaco tiene\u00a026 residencias que albergaban a 450 adultos, que hoy son 600\u201d, cont\u00f3 el mandatario. Al mismo tiempo, dijo que la \u201cagenda de descentralizaci\u00f3n del Estado\u201d no se debe detener, preparando el camino para \u201cpoder llegar a todos\u201d.<\/p>\n\n\n\n<p>\u201cLa pandemia nos demostr\u00f3 que\u00a0la econom\u00eda del cuidado es clave y esencial.\u00a0Estas acciones son el inicio, tenemos que ser capaces de fortalecer institucionalmente las pol\u00edticas p\u00fablicas y entender que nuestros adultos mayores necesitan de espacios p\u00fablicos, pr\u00e1cticas deportivas, salud, educaci\u00f3n y el entretenimiento, para hacer la vida m\u00e1s placentera. Estas residencias ser\u00e1n un modelo de reivindicaci\u00f3n de los derechos de la ancianidad\u201d, asegur\u00f3 Capitanich.<\/p>\n","protected":false},"excerpt":{"rendered":"<p>El gobernador Jorge Capitanich y la vicegobernadora, lanzaron este jueves el programa de Pol\u00edticas Gerontol\u00f3gicas para distintos municipios de la provincia, que incluye refacci\u00f3n de residencias de adultos mayores y los cursos de formaci\u00f3n para intendentes y sus equipos de gobierno. A trav\u00e9s de un convenio firmado con los jefes comunales de La Escondida, Presidencia &hellip;<\/p>\n","protected":false},"author":2,"featured_media":12140,"comment_status":"open","ping_status":"open","sticky":false,"template":"","format":"standard","meta":{"_jetpack_memberships_contains_paid_content":false,"footnotes":"","jetpack_publicize_message":"","jetpack_publicize_feature_enabled":true,"jetpack_social_post_already_shared":true,"jetpack_social_options":{"image_generator_settings":{"template":"highway","default_image_id":0,"font":"","enabled":false},"version":2}},"categories":[5,14],"tags":[],"class_list":["post-12139","post","type-post","status-publish","format-standard","has-post-thumbnail","hentry","category-chaco","category-politica"],"jetpack_publicize_connections":[],"jetpack_featured_media_url":"https:\/\/portalmovil.com.ar\/wp-content\/uploads\/2020\/09\/5f5150bfc4c76896791559.jpeg","jetpack_sharing_enabled":true,"amp_enabled":true,"_links":{"self":[{"href":"https:\/\/portalmovil.com.ar\/index.php\/wp-json\/wp\/v2\/posts\/12139","targetHints":{"allow":["GET"]}}],"collection":[{"href":"https:\/\/portalmovil.com.ar\/index.php\/wp-json\/wp\/v2\/posts"}],"about":[{"href":"https:\/\/portalmovil.com.ar\/index.php\/wp-json\/wp\/v2\/types\/post"}],"author":[{"embeddable":true,"href":"https:\/\/portalmovil.com.ar\/index.php\/wp-json\/wp\/v2\/users\/2"}],"replies":[{"embeddable":true,"href":"https:\/\/portalmovil.com.ar\/index.php\/wp-json\/wp\/v2\/comments?post=12139"}],"version-history":[{"count":1,"href":"https:\/\/portalmovil.com.ar\/index.php\/wp-json\/wp\/v2\/posts\/12139\/revisions"}],"predecessor-version":[{"id":12141,"href":"https:\/\/portalmovil.com.ar\/index.php\/wp-json\/wp\/v2\/posts\/12139\/revisions\/12141"}],"wp:featuredmedia":[{"embeddable":true,"href":"https:\/\/portalmovil.com.ar\/index.php\/wp-json\/wp\/v2\/media\/12140"}],"wp:attachment":[{"href":"https:\/\/portalmovil.com.ar\/index.php\/wp-json\/wp\/v2\/media?parent=12139"}],"wp:term":[{"taxonomy":"category","embeddable":true,"href":"https:\/\/portalmovil.com.ar\/index.php\/wp-json\/wp\/v2\/categories?post=12139"},{"taxonomy":"post_tag","embeddable":true,"href":"https:\/\/portalmovil.com.ar\/index.php\/wp-json\/wp\/v2\/tags?post=12139"}],"curies":[{"name":"wp","href":"https:\/\/api.w.org\/{rel}","templated":true}]}}