{"id":1211,"date":"2020-01-31T15:04:25","date_gmt":"2020-01-31T18:04:25","guid":{"rendered":"http:\/\/portalmovil.com.ar\/?p=1211"},"modified":"2020-01-31T15:04:32","modified_gmt":"2020-01-31T18:04:32","slug":"marcos-rojo-llego-a-la-argentina-y-firmo-con-estudiantes","status":"publish","type":"post","link":"https:\/\/portalmovil.com.ar\/index.php\/2020\/01\/31\/marcos-rojo-llego-a-la-argentina-y-firmo-con-estudiantes\/","title":{"rendered":"Marcos Rojo lleg\u00f3 a la Argentina y firm\u00f3 con Estudiantes"},"content":{"rendered":"\n<p>El defensor Marcos Rojo se\u00f1al\u00f3 hoy que \u00abest\u00e1 muy feliz por regresar a Estudiantes\u00bb. minutos despu\u00e9s de haber arribado al pa\u00eds proveniente del Manchester United ingl\u00e9s, que lo cedi\u00f3 a pr\u00e9stamo al club de La Plata hasta el 30 de junio pr\u00f3ximo y ser\u00e1 presentado ma\u00f1ana en el estadio \u00abpincha\u00bb antes del partido frente Uni\u00f3n de Santa Fe, por la fecha 18 de la Superliga <\/p>\n\n\n\n<p>\u00abEstoy feliz por regresar a Estudiantes. Es algo que so\u00f1aba y quiero disfrutarlo\u00bb, coment\u00f3 Rojo, nacido en La Plata hace 29 a\u00f1os, luego de haber aterrizado a las 7.48 al aeropuerto internacional de Ezeiza proveniente de Londres.<\/p>\n\n\n\n<p>\u00abDurante la \u00faltima semana habl\u00e9 mucho con la &#8216;Bruja&#8217; Ver\u00f3n, con (Javier) Mascherano, (Mariano) And\u00fajar y la (Gast\u00f3n) &#8216;Gata&#8217; Fern\u00e1ndez, regres\u00e9 porque necesitaba jugar y en el Manchester no lo hac\u00eda, y quer\u00eda que sea en Estudiantes\u00bb, admiti\u00f3 Rojo, quien debut\u00f3 en el f\u00fatbol con la camiseta del \u00abpincha\u00bb el 7 de diciembre de 2008 en un partido ante Col\u00f3n de Santa Fe.<\/p>\n\n\n\n<p>En su debut, Rojo ingres\u00f3 a los 35 minutos del segundo tiempo en reemplazo de Diego Galv\u00e1n, en la derrota ante Col\u00f3n por 1-0 y el DT que lo hizo debutar en primera fue Leonardo Astrada.<\/p>\n\n\n\n<p>\u00abEn el viaje pensaba en el reencuentro con los hinchas ma\u00f1ana en la cancha y no pude dormir. Supongo que la semana pr\u00f3xima estar\u00e9 disponible para jugar\u00bb, anticip\u00f3 Rojo, quien podr\u00eda debutar en la fecha 19 de la Superliga frente a Newell&#8217;s, en Rosario.<\/p>\n\n\n\n<p>El defensor jug\u00f3 en Estudiantes 53 partidos y anot\u00f3 cuatro goles, dos de ellos a River, otro a Boca y el restante frente a la Liga de Quito por la Recopa Sudamericana.<\/p>\n\n\n\n<p>Rojo es el segundo refuerzo de jerarqu\u00eda internacional que se sum\u00f3 a Estudiantes en 2020, tras el arribo de Mascherano, ex capit\u00e1n del seleccionado argentino.<\/p>\n\n\n\n<figure class=\"wp-block-embed-twitter wp-block-embed is-type-rich is-provider-twitter\"><div class=\"wp-block-embed__wrapper\">\n<div class=\"embed-twitter\"><blockquote class=\"twitter-tweet\" data-width=\"500\" data-dnt=\"true\"><p lang=\"es\" dir=\"ltr\">\ud83c\udfa5 \u00a1Pura garra de Selecci\u00f3n! \ud83c\udde6\ud83c\uddf7 Javier <a href=\"https:\/\/twitter.com\/Mascherano?ref_src=twsrc%5Etfw\">@Mascherano<\/a> le da la bienvenida a Marcos Rojo y lo espera en City Bell para defender juntos la camiseta m\u00e1s linda del mundo \ud83c\udde6\ud83c\uddf9 <a href=\"https:\/\/t.co\/U9DePERbK2\">pic.twitter.com\/U9DePERbK2<\/a><\/p>&mdash; Estudiantes de La Plata (@EdelpOficial) <a href=\"https:\/\/twitter.com\/EdelpOficial\/status\/1223237143650340866?ref_src=twsrc%5Etfw\">January 31, 2020<\/a><\/blockquote><script async src=\"https:\/\/platform.twitter.com\/widgets.js\" charset=\"utf-8\"><\/script><\/div>\n<\/div><\/figure>\n","protected":false},"excerpt":{"rendered":"<p>El defensor Marcos Rojo se\u00f1al\u00f3 hoy que \u00abest\u00e1 muy feliz por regresar a Estudiantes\u00bb. minutos despu\u00e9s de haber arribado al pa\u00eds proveniente del Manchester United ingl\u00e9s, que lo cedi\u00f3 a pr\u00e9stamo al club de La Plata hasta el 30 de junio pr\u00f3ximo y ser\u00e1 presentado ma\u00f1ana en el estadio \u00abpincha\u00bb antes del partido frente Uni\u00f3n &hellip;<\/p>\n","protected":false},"author":2,"featured_media":1212,"comment_status":"open","ping_status":"open","sticky":true,"template":"","format":"standard","meta":{"_jetpack_memberships_contains_paid_content":false,"footnotes":"","jetpack_publicize_message":"","jetpack_publicize_feature_enabled":true,"jetpack_social_post_already_shared":true,"jetpack_social_options":{"image_generator_settings":{"template":"highway","default_image_id":0,"font":"","enabled":false},"version":2}},"categories":[15],"tags":[],"class_list":["post-1211","post","type-post","status-publish","format-standard","has-post-thumbnail","hentry","category-deportes"],"jetpack_publicize_connections":[],"jetpack_featured_media_url":"https:\/\/portalmovil.com.ar\/wp-content\/uploads\/2020\/01\/epnx7-ex0aad7rm_1580487029.jpg","jetpack_sharing_enabled":true,"amp_enabled":true,"_links":{"self":[{"href":"https:\/\/portalmovil.com.ar\/index.php\/wp-json\/wp\/v2\/posts\/1211","targetHints":{"allow":["GET"]}}],"collection":[{"href":"https:\/\/portalmovil.com.ar\/index.php\/wp-json\/wp\/v2\/posts"}],"about":[{"href":"https:\/\/portalmovil.com.ar\/index.php\/wp-json\/wp\/v2\/types\/post"}],"author":[{"embeddable":true,"href":"https:\/\/portalmovil.com.ar\/index.php\/wp-json\/wp\/v2\/users\/2"}],"replies":[{"embeddable":true,"href":"https:\/\/portalmovil.com.ar\/index.php\/wp-json\/wp\/v2\/comments?post=1211"}],"version-history":[{"count":1,"href":"https:\/\/portalmovil.com.ar\/index.php\/wp-json\/wp\/v2\/posts\/1211\/revisions"}],"predecessor-version":[{"id":1213,"href":"https:\/\/portalmovil.com.ar\/index.php\/wp-json\/wp\/v2\/posts\/1211\/revisions\/1213"}],"wp:featuredmedia":[{"embeddable":true,"href":"https:\/\/portalmovil.com.ar\/index.php\/wp-json\/wp\/v2\/media\/1212"}],"wp:attachment":[{"href":"https:\/\/portalmovil.com.ar\/index.php\/wp-json\/wp\/v2\/media?parent=1211"}],"wp:term":[{"taxonomy":"category","embeddable":true,"href":"https:\/\/portalmovil.com.ar\/index.php\/wp-json\/wp\/v2\/categories?post=1211"},{"taxonomy":"post_tag","embeddable":true,"href":"https:\/\/portalmovil.com.ar\/index.php\/wp-json\/wp\/v2\/tags?post=1211"}],"curies":[{"name":"wp","href":"https:\/\/api.w.org\/{rel}","templated":true}]}}