{"id":12004,"date":"2020-08-31T20:04:22","date_gmt":"2020-08-31T23:04:22","guid":{"rendered":"https:\/\/portalmovil.com.ar\/?p=12004"},"modified":"2020-08-31T20:04:27","modified_gmt":"2020-08-31T23:04:27","slug":"la-uegp-n172-delindo-felipe-bittel-reclama-al-gobierno-por-la-reduccion-de-cargos-y-horas-de-catedra","status":"publish","type":"post","link":"https:\/\/portalmovil.com.ar\/index.php\/2020\/08\/31\/la-uegp-n172-delindo-felipe-bittel-reclama-al-gobierno-por-la-reduccion-de-cargos-y-horas-de-catedra\/","title":{"rendered":"La UEGP N\u00b0172 \u00abDelindo Felipe Bittel\u00bb reclama al gobierno por la reducci\u00f3n de cargos y horas de C\u00e1tedra"},"content":{"rendered":"\n<p>Autoridades, docentes y alumnos de la UEGP N\u00b0 172 \u201cGob. Deolindo Felipe Bittel\u201d se manifestaron frente a Casa de Gobierno solicitando audiencia con el Gobernador por una resoluci\u00f3n que dispone la reducci\u00f3n de horas c\u00e1tedra y cargos docentes por parte de la Direcci\u00f3n de Educaci\u00f3n Privada. El rector de la entidad, Gustavo Mart\u00ednez Campos, denunci\u00f3 que se trata de \u201cun brutal ajuste\u201d, informado a mitad de a\u00f1o y de forma retroactiva, que provoca \u201cun grave perjuicio a docentes y estudiantes que acuden a la misma\u201d.<\/p>\n\n\n\n<p>Mart\u00ednez Campos explic\u00f3 que la entidad recibi\u00f3 el 3 de julio pasado \u201cuna escueta comunicaci\u00f3n por parte de Direcci\u00f3n de Educaci\u00f3n Privada anunciando que deb\u00edamos someternos a un brutal ajuste de horas c\u00e1tedra y cargos, en forma retroactiva, porque dicha resoluci\u00f3n estaba sospechosamente fechada en el mes de marzo\u201d. Remarc\u00f3 la tardanza del aviso y aclar\u00f3: \u201cA las 11.24 horas nos notificaron y nos dec\u00edan que el receso empezaba a las 12 horas, dejando tan solo 36 minutos para gestionar cualquier tipo de recurso administrativo\u201d.<\/p>\n\n\n\n<p>Afirm\u00f3 que esta definici\u00f3n causa un gran perjuicio en la instituci\u00f3n e indic\u00f3: \u201cTenemos en marcha 18 carreras en 11 localidades, actualmente con una plataforma virtual con 759 aulas habilitadas para el desarrollo de la actividad pedag\u00f3gica y de formaci\u00f3n\u201d.<\/p>\n\n\n\n<p>\u201cSE NOS PIDE ELIMINAR 57 CARGOS Y 1922 HORAS C\u00c1TEDRA\u201d<\/p>\n\n\n\n<p>Resalt\u00f3 que para la entidad educativa \u201cfue una pu\u00f1alada por la espalda por parte del Ministerio de Educaci\u00f3n provincial comunicar a mitad de a\u00f1o que se deb\u00eda hacer un reajuste de horas y cargos en forma retroactiva\u201d. Y subray\u00f3 que se les pide \u201celiminar 57 cargos y 1922 horas c\u00e1tedra\u201d, lo cual remarc\u00f3 como \u201cuna actitud sorprendente teniendo en cuenta que hay una directiva de Naci\u00f3n de universalizar la educaci\u00f3n virtual\u201d y \u201cdel presidente Alberto Fern\u00e1ndez y del ministro Nicol\u00e1s Trotta de que no quieren el despido de un solo docente; m\u00e1s all\u00e1 de lo que representa en el aspecto financiero global el funcionamiento de instituciones como esta que nacieron hace ocho a\u00f1os con la modalidad de formaci\u00f3n docente\u201d.<\/p>\n\n\n\n<p>Cont\u00f3 que se tiene, entre las carreras, un profesorado en inform\u00e1tica \u201calgo tan necesario para avanzar y tener profesionales formados en la virtualidad, porque el mundo exige la actualizaci\u00f3n de las carreras t\u00e9cnicas y la adecuaci\u00f3n de la formaci\u00f3n para el desarrollo de la provincia\u201d. Sum\u00f3 a la Tecnicatura en Gas, se\u00f1alando que Chaco \u201ces la \u00fanica provincia cuyo t\u00edtulo, de tres a\u00f1os y medio de cursado, tiene validez nacional\u201d y lament\u00f3 que: \u201cse tendr\u00e1 que cerrar esta formaci\u00f3n t\u00e9cnica cuando se est\u00e1 haciendo un gasoducto en la provincia; al igual que las tecnicaturas en gesti\u00f3n Ambiental, en Alimentos, en Obras Civiles, en Electromec\u00e1nica, en Construcci\u00f3n de Viviendas, entre tantas otras ofertas acad\u00e9micas que propone\u201d esta UEGP.<\/p>\n\n\n\n<p>Mart\u00ednez Campos alert\u00f3 adem\u00e1s que \u201cse le vende al Gobernador n\u00fameros mentirosos, inform\u00e1ndole que el presupuesto que percibe la entidad educativa es elevado; un presupuesto mentiroso casi en un 40% m\u00e1s de lo que realmente percibimos, por lo cual se le mand\u00f3 la planilla de gastos de sueldos de junio, julio y el aguinaldo que se nos est\u00e1 debiendo\u201d, marc\u00f3.<\/p>\n\n\n\n<h3 class=\"wp-block-heading\">\u201c\u00bfQU\u00c9 LE DECIMOS A NUESTROS DOCENTES?\u201d<\/h3>\n\n\n\n<p>El Rector insisti\u00f3 en que se trata de una definici\u00f3n que perjudica directamente al trabajador: \u201c\u00bfQu\u00e9 le decimos a nuestros docentes; a qui\u00e9n dejamos en la calle?, si nos hicieron en junio una quita del 40% del sueldo y del aguinaldo; y en julio nos pagaron el 60% menos\u201d. Y cerr\u00f3 remarcando que el perjuicio tambi\u00e9n es para los alumnos: \u201cHay 4950 estudiantes activos actualmente cursando en todas las carreras a trav\u00e9s de la plataforma virtual, y estos ajustes ponen en riesgo la continuidad de un proyecto educativo, perjudicando a nuestros estudiantes\u201d.<\/p>\n","protected":false},"excerpt":{"rendered":"<p>Autoridades, docentes y alumnos de la UEGP N\u00b0 172 \u201cGob. Deolindo Felipe Bittel\u201d se manifestaron frente a Casa de Gobierno solicitando audiencia con el Gobernador por una resoluci\u00f3n que dispone la reducci\u00f3n de horas c\u00e1tedra y cargos docentes por parte de la Direcci\u00f3n de Educaci\u00f3n Privada. El rector de la entidad, Gustavo Mart\u00ednez Campos, denunci\u00f3 &hellip;<\/p>\n","protected":false},"author":2,"featured_media":12005,"comment_status":"open","ping_status":"open","sticky":false,"template":"","format":"standard","meta":{"_jetpack_memberships_contains_paid_content":false,"footnotes":"","jetpack_publicize_message":"","jetpack_publicize_feature_enabled":true,"jetpack_social_post_already_shared":true,"jetpack_social_options":{"image_generator_settings":{"template":"highway","default_image_id":0,"font":"","enabled":false},"version":2}},"categories":[28,5],"tags":[],"class_list":["post-12004","post","type-post","status-publish","format-standard","has-post-thumbnail","hentry","category-actualidad","category-chaco"],"jetpack_publicize_connections":[],"jetpack_featured_media_url":"https:\/\/portalmovil.com.ar\/wp-content\/uploads\/2020\/08\/20200831_194337.jpg","jetpack_sharing_enabled":true,"amp_enabled":true,"_links":{"self":[{"href":"https:\/\/portalmovil.com.ar\/index.php\/wp-json\/wp\/v2\/posts\/12004","targetHints":{"allow":["GET"]}}],"collection":[{"href":"https:\/\/portalmovil.com.ar\/index.php\/wp-json\/wp\/v2\/posts"}],"about":[{"href":"https:\/\/portalmovil.com.ar\/index.php\/wp-json\/wp\/v2\/types\/post"}],"author":[{"embeddable":true,"href":"https:\/\/portalmovil.com.ar\/index.php\/wp-json\/wp\/v2\/users\/2"}],"replies":[{"embeddable":true,"href":"https:\/\/portalmovil.com.ar\/index.php\/wp-json\/wp\/v2\/comments?post=12004"}],"version-history":[{"count":1,"href":"https:\/\/portalmovil.com.ar\/index.php\/wp-json\/wp\/v2\/posts\/12004\/revisions"}],"predecessor-version":[{"id":12006,"href":"https:\/\/portalmovil.com.ar\/index.php\/wp-json\/wp\/v2\/posts\/12004\/revisions\/12006"}],"wp:featuredmedia":[{"embeddable":true,"href":"https:\/\/portalmovil.com.ar\/index.php\/wp-json\/wp\/v2\/media\/12005"}],"wp:attachment":[{"href":"https:\/\/portalmovil.com.ar\/index.php\/wp-json\/wp\/v2\/media?parent=12004"}],"wp:term":[{"taxonomy":"category","embeddable":true,"href":"https:\/\/portalmovil.com.ar\/index.php\/wp-json\/wp\/v2\/categories?post=12004"},{"taxonomy":"post_tag","embeddable":true,"href":"https:\/\/portalmovil.com.ar\/index.php\/wp-json\/wp\/v2\/tags?post=12004"}],"curies":[{"name":"wp","href":"https:\/\/api.w.org\/{rel}","templated":true}]}}