{"id":119592,"date":"2026-05-03T12:01:19","date_gmt":"2026-05-03T15:01:19","guid":{"rendered":"https:\/\/portalmovil.com.ar\/?p=119592"},"modified":"2026-05-03T12:01:21","modified_gmt":"2026-05-03T15:01:21","slug":"sameep-restablecio-el-servicio-de-agua-tras-reparar-el-acueducto","status":"publish","type":"post","link":"https:\/\/portalmovil.com.ar\/index.php\/2026\/05\/03\/sameep-restablecio-el-servicio-de-agua-tras-reparar-el-acueducto\/","title":{"rendered":"SAMEEP restableci\u00f3 el servicio de agua tras reparar el acueducto"},"content":{"rendered":"\n<p>Sameep repar\u00f3 una p\u00e9rdida en el Primer Acueducto del Interior y el servicio de agua comienza a normalizarse progresivamente en varias localidades afectadas.<\/p>\n\n\n\n<p><br>Los trabajos se realizaron durante dos d\u00edas en una ca\u00f1er\u00eda ubicada en Barranqueras, donde se colocaron abrazaderas met\u00e1licas y se soldaron bridas para reforzar el sistema.<\/p>\n\n\n\n<p><br>Desde la empresa destacaron que la reparaci\u00f3n fue clave para restablecer el suministro y mejorar su calidad, aunque informaron que a\u00fan resta una intervenci\u00f3n menor que se realizar\u00e1 sin interrumpir el servicio.<\/p>\n","protected":false},"excerpt":{"rendered":"<p>Sameep repar\u00f3 una p\u00e9rdida en el Primer Acueducto del Interior y el servicio de agua comienza a normalizarse progresivamente en varias localidades afectadas. Los trabajos se realizaron durante dos d\u00edas en una ca\u00f1er\u00eda ubicada en Barranqueras, donde se colocaron abrazaderas met\u00e1licas y se soldaron bridas para reforzar el sistema. Desde la empresa destacaron que la &hellip;<\/p>\n","protected":false},"author":2,"featured_media":119593,"comment_status":"open","ping_status":"open","sticky":false,"template":"","format":"standard","meta":{"_jetpack_memberships_contains_paid_content":false,"footnotes":"","jetpack_publicize_message":"","jetpack_publicize_feature_enabled":true,"jetpack_social_post_already_shared":true,"jetpack_social_options":{"image_generator_settings":{"template":"highway","default_image_id":0,"font":"","enabled":false},"version":2}},"categories":[5,14],"tags":[],"class_list":["post-119592","post","type-post","status-publish","format-standard","has-post-thumbnail","hentry","category-chaco","category-politica"],"jetpack_publicize_connections":[],"jetpack_featured_media_url":"https:\/\/portalmovil.com.ar\/wp-content\/uploads\/2026\/05\/662445w480h270c.jpg.webp","jetpack_sharing_enabled":true,"amp_enabled":true,"_links":{"self":[{"href":"https:\/\/portalmovil.com.ar\/index.php\/wp-json\/wp\/v2\/posts\/119592","targetHints":{"allow":["GET"]}}],"collection":[{"href":"https:\/\/portalmovil.com.ar\/index.php\/wp-json\/wp\/v2\/posts"}],"about":[{"href":"https:\/\/portalmovil.com.ar\/index.php\/wp-json\/wp\/v2\/types\/post"}],"author":[{"embeddable":true,"href":"https:\/\/portalmovil.com.ar\/index.php\/wp-json\/wp\/v2\/users\/2"}],"replies":[{"embeddable":true,"href":"https:\/\/portalmovil.com.ar\/index.php\/wp-json\/wp\/v2\/comments?post=119592"}],"version-history":[{"count":1,"href":"https:\/\/portalmovil.com.ar\/index.php\/wp-json\/wp\/v2\/posts\/119592\/revisions"}],"predecessor-version":[{"id":119594,"href":"https:\/\/portalmovil.com.ar\/index.php\/wp-json\/wp\/v2\/posts\/119592\/revisions\/119594"}],"wp:featuredmedia":[{"embeddable":true,"href":"https:\/\/portalmovil.com.ar\/index.php\/wp-json\/wp\/v2\/media\/119593"}],"wp:attachment":[{"href":"https:\/\/portalmovil.com.ar\/index.php\/wp-json\/wp\/v2\/media?parent=119592"}],"wp:term":[{"taxonomy":"category","embeddable":true,"href":"https:\/\/portalmovil.com.ar\/index.php\/wp-json\/wp\/v2\/categories?post=119592"},{"taxonomy":"post_tag","embeddable":true,"href":"https:\/\/portalmovil.com.ar\/index.php\/wp-json\/wp\/v2\/tags?post=119592"}],"curies":[{"name":"wp","href":"https:\/\/api.w.org\/{rel}","templated":true}]}}