{"id":119589,"date":"2026-05-03T11:54:47","date_gmt":"2026-05-03T14:54:47","guid":{"rendered":"https:\/\/portalmovil.com.ar\/?p=119589"},"modified":"2026-05-03T11:54:49","modified_gmt":"2026-05-03T14:54:49","slug":"milei-retoma-su-gira-por-ee-uu-para-seducir-al-mundo-financiero","status":"publish","type":"post","link":"https:\/\/portalmovil.com.ar\/index.php\/2026\/05\/03\/milei-retoma-su-gira-por-ee-uu-para-seducir-al-mundo-financiero\/","title":{"rendered":"Milei retoma su gira por EE.UU. para seducir al mundo financiero"},"content":{"rendered":"\n<p>El presidente&nbsp;<strong>Javier Milei<\/strong>&nbsp;volver\u00e1 a subir al avi\u00f3n rumbo a&nbsp;<strong>Estados Unidos<\/strong>&nbsp;para participar de la&nbsp;<strong>Conferencia Global del Instituto Milken<\/strong>, uno de los encuentros m\u00e1s pesados del ambiente financiero internacional. Su exposici\u00f3n est\u00e1 prevista para el&nbsp;<strong>mi\u00e9rcoles 6 de mayo<\/strong>, en&nbsp;<strong>Los \u00c1ngeles<\/strong>, dentro de la&nbsp;<strong>29\u00aa edici\u00f3n<\/strong>&nbsp;del foro. Ser\u00e1 la segunda vez que el mandatario argentino diga presente en esa cita, despu\u00e9s de su paso por&nbsp;<strong>2024<\/strong>.<\/p>\n\n\n\n<p>Por ahora, no se inform\u00f3 de manera oficial cu\u00e1ndo aterrizar\u00e1 la comitiva, aunque la agenda del evento ya incluye la charla del jefe de Estado. Seg\u00fan trascendi\u00f3, Milei viajar\u00e1 acompa\u00f1ado por el canciller&nbsp;<strong>Pablo Quirno<\/strong>&nbsp;y por el embajador argentino en Estados Unidos,&nbsp;<strong>Alec Oxenford<\/strong>. El encuentro arrancar\u00e1 el&nbsp;<strong>domingo 3 de mayo<\/strong>&nbsp;y este a\u00f1o llevar\u00e1 como lema&nbsp;<strong>\u00abLiderando en una nueva era\u00bb<\/strong>, con la presencia de dirigentes pol\u00edticos, empresarios, inversores y especialistas de distintos rubros.<\/p>\n\n\n\n<p>La conferencia del Instituto Milken suele juntar nombres de peso de la escena global, con debates sobre econom\u00eda, tecnolog\u00eda y pol\u00edticas p\u00fablicas. A lo largo de sus ediciones pasaron figuras como&nbsp;<strong>Bill Clinton<\/strong>,&nbsp;<strong>Kristalina Georgieva<\/strong>,&nbsp;<strong>Jensen Huang<\/strong>&nbsp;y la reina&nbsp;<strong>Rania de Jordania<\/strong>, entre otros. Milei ya hab\u00eda usado ese escenario en&nbsp;<strong>2024<\/strong>&nbsp;para enviar un mensaje directo a los inversores y asegur\u00f3 que&nbsp;<strong>\u00abArgentina tiene todas las condiciones para ser la nueva meca de Occidente\u00bb<\/strong>.<\/p>\n\n\n\n<p>Un a\u00f1o despu\u00e9s, el Presidente volvi\u00f3 a tener actividad vinculada al instituto, con una exposici\u00f3n ante representantes de empresas y entidades financieras como&nbsp;<strong>Chevron<\/strong>,&nbsp;<strong>JP Morgan<\/strong>,&nbsp;<strong>PIMCO<\/strong>,&nbsp;<strong>Amazon Web Services<\/strong>,&nbsp;<strong>Citi<\/strong>,&nbsp;<strong>Copa Airlines<\/strong>,&nbsp;<strong>Globant<\/strong>&nbsp;y la&nbsp;<strong>Fundaci\u00f3n Reagan<\/strong>. Su nueva gira se enmarca en una estrategia de acercamiento a&nbsp;<strong>Estados Unidos<\/strong>, destino que ya visit\u00f3 varias veces en lo que va del a\u00f1o, con paradas en&nbsp;<strong>Washington<\/strong>,&nbsp;<strong>Miami<\/strong>&nbsp;y&nbsp;<strong>Nueva York<\/strong>.<\/p>\n\n\n\n<p>La agenda internacional de Milei no afloja y, entre viajes y actividades, tambi\u00e9n qued\u00f3 bajo la lupa el costo que arrastra esa movida. Seg\u00fan una reconstrucci\u00f3n de&nbsp;<strong>\u00c1mbito<\/strong>&nbsp;en base a informes de gesti\u00f3n presentados ante el Congreso, el Presidente ya lleva m\u00e1s de&nbsp;<strong>$4.700 millones<\/strong>&nbsp;en gastos por traslados al exterior desde que asumi\u00f3. En ese contexto,&nbsp;<strong>Estados Unidos<\/strong>&nbsp;aparece como su destino m\u00e1s repetido, con reuniones empresarias, encuentros ideol\u00f3gicos y contactos pol\u00edticos de alto nivel.<\/p>\n","protected":false},"excerpt":{"rendered":"<p>El presidente&nbsp;Javier Milei&nbsp;volver\u00e1 a subir al avi\u00f3n rumbo a&nbsp;Estados Unidos&nbsp;para participar de la&nbsp;Conferencia Global del Instituto Milken, uno de los encuentros m\u00e1s pesados del ambiente financiero internacional. Su exposici\u00f3n est\u00e1 prevista para el&nbsp;mi\u00e9rcoles 6 de mayo, en&nbsp;Los \u00c1ngeles, dentro de la&nbsp;29\u00aa edici\u00f3n&nbsp;del foro. Ser\u00e1 la segunda vez que el mandatario argentino diga presente en esa &hellip;<\/p>\n","protected":false},"author":2,"featured_media":119590,"comment_status":"open","ping_status":"open","sticky":false,"template":"","format":"standard","meta":{"_jetpack_memberships_contains_paid_content":false,"footnotes":"","jetpack_publicize_message":"","jetpack_publicize_feature_enabled":true,"jetpack_social_post_already_shared":true,"jetpack_social_options":{"image_generator_settings":{"template":"highway","default_image_id":0,"font":"","enabled":false},"version":2}},"categories":[17],"tags":[],"class_list":["post-119589","post","type-post","status-publish","format-standard","has-post-thumbnail","hentry","category-mundo"],"jetpack_publicize_connections":[],"jetpack_featured_media_url":"https:\/\/portalmovil.com.ar\/wp-content\/uploads\/2026\/05\/83155w440h247c.webp.webp","jetpack_sharing_enabled":true,"amp_enabled":true,"_links":{"self":[{"href":"https:\/\/portalmovil.com.ar\/index.php\/wp-json\/wp\/v2\/posts\/119589","targetHints":{"allow":["GET"]}}],"collection":[{"href":"https:\/\/portalmovil.com.ar\/index.php\/wp-json\/wp\/v2\/posts"}],"about":[{"href":"https:\/\/portalmovil.com.ar\/index.php\/wp-json\/wp\/v2\/types\/post"}],"author":[{"embeddable":true,"href":"https:\/\/portalmovil.com.ar\/index.php\/wp-json\/wp\/v2\/users\/2"}],"replies":[{"embeddable":true,"href":"https:\/\/portalmovil.com.ar\/index.php\/wp-json\/wp\/v2\/comments?post=119589"}],"version-history":[{"count":1,"href":"https:\/\/portalmovil.com.ar\/index.php\/wp-json\/wp\/v2\/posts\/119589\/revisions"}],"predecessor-version":[{"id":119591,"href":"https:\/\/portalmovil.com.ar\/index.php\/wp-json\/wp\/v2\/posts\/119589\/revisions\/119591"}],"wp:featuredmedia":[{"embeddable":true,"href":"https:\/\/portalmovil.com.ar\/index.php\/wp-json\/wp\/v2\/media\/119590"}],"wp:attachment":[{"href":"https:\/\/portalmovil.com.ar\/index.php\/wp-json\/wp\/v2\/media?parent=119589"}],"wp:term":[{"taxonomy":"category","embeddable":true,"href":"https:\/\/portalmovil.com.ar\/index.php\/wp-json\/wp\/v2\/categories?post=119589"},{"taxonomy":"post_tag","embeddable":true,"href":"https:\/\/portalmovil.com.ar\/index.php\/wp-json\/wp\/v2\/tags?post=119589"}],"curies":[{"name":"wp","href":"https:\/\/api.w.org\/{rel}","templated":true}]}}