{"id":119561,"date":"2026-05-01T16:42:10","date_gmt":"2026-05-01T19:42:10","guid":{"rendered":"https:\/\/portalmovil.com.ar\/?p=119561"},"modified":"2026-05-01T16:42:12","modified_gmt":"2026-05-01T19:42:12","slug":"sargento-del-ejercito-y-murio-durante-un-ejercicio-de-buceo","status":"publish","type":"post","link":"https:\/\/portalmovil.com.ar\/index.php\/2026\/05\/01\/sargento-del-ejercito-y-murio-durante-un-ejercicio-de-buceo\/","title":{"rendered":"Sargento del Ej\u00e9rcito y muri\u00f3 durante un ejercicio de buceo"},"content":{"rendered":"\n<p>Un<strong>&nbsp;sargento del Ej\u00e9rcito Argentino&nbsp;<\/strong>muri\u00f3 el pasado jueves al mediod\u00eda tras sufrir un grave episodio mientras realizaba&nbsp;<strong>ejercicios de entrenamiento<\/strong>&nbsp;en la ciudad santafesina de&nbsp;<strong>Santo Tom\u00e9<\/strong>. La v\u00edctima fue identificada como&nbsp;<strong>Diego Gonzalo Fr\u00edas<\/strong>, de 38 a\u00f1os y oriundo de la provincia de Buenos Aires, quien se encontraba en plena&nbsp;<strong>instrucci\u00f3n militar.&nbsp;<\/strong><\/p>\n\n\n\n<p>Todo sucedi\u00f3 en el predio del Batall\u00f3n de Ingenieros Anfibios 121. Fr\u00edas participaba de una actividad vinculada a la formaci\u00f3n de la aptitud de buzo de Ej\u00e9rcito cuando, en circunstancias que a\u00fan se investigan, sufri\u00f3 una descompensaci\u00f3n que deriv\u00f3 en un paro cardiorrespiratorio<strong>.<\/strong><\/p>\n","protected":false},"excerpt":{"rendered":"<p>Un&nbsp;sargento del Ej\u00e9rcito Argentino&nbsp;muri\u00f3 el pasado jueves al mediod\u00eda tras sufrir un grave episodio mientras realizaba&nbsp;ejercicios de entrenamiento&nbsp;en la ciudad santafesina de&nbsp;Santo Tom\u00e9. La v\u00edctima fue identificada como&nbsp;Diego Gonzalo Fr\u00edas, de 38 a\u00f1os y oriundo de la provincia de Buenos Aires, quien se encontraba en plena&nbsp;instrucci\u00f3n militar.&nbsp; Todo sucedi\u00f3 en el predio del Batall\u00f3n de &hellip;<\/p>\n","protected":false},"author":2,"featured_media":119562,"comment_status":"open","ping_status":"open","sticky":false,"template":"","format":"standard","meta":{"_jetpack_memberships_contains_paid_content":false,"footnotes":"","jetpack_publicize_message":"","jetpack_publicize_feature_enabled":true,"jetpack_social_post_already_shared":true,"jetpack_social_options":{"image_generator_settings":{"template":"highway","default_image_id":0,"font":"","enabled":false},"version":2}},"categories":[639,8],"tags":[],"class_list":["post-119561","post","type-post","status-publish","format-standard","has-post-thumbnail","hentry","category-argentina","category-policiales"],"jetpack_publicize_connections":[],"jetpack_featured_media_url":"https:\/\/portalmovil.com.ar\/wp-content\/uploads\/2026\/05\/batallon-ingenieros-anfibios-121.jpg","jetpack_sharing_enabled":true,"amp_enabled":true,"_links":{"self":[{"href":"https:\/\/portalmovil.com.ar\/index.php\/wp-json\/wp\/v2\/posts\/119561","targetHints":{"allow":["GET"]}}],"collection":[{"href":"https:\/\/portalmovil.com.ar\/index.php\/wp-json\/wp\/v2\/posts"}],"about":[{"href":"https:\/\/portalmovil.com.ar\/index.php\/wp-json\/wp\/v2\/types\/post"}],"author":[{"embeddable":true,"href":"https:\/\/portalmovil.com.ar\/index.php\/wp-json\/wp\/v2\/users\/2"}],"replies":[{"embeddable":true,"href":"https:\/\/portalmovil.com.ar\/index.php\/wp-json\/wp\/v2\/comments?post=119561"}],"version-history":[{"count":1,"href":"https:\/\/portalmovil.com.ar\/index.php\/wp-json\/wp\/v2\/posts\/119561\/revisions"}],"predecessor-version":[{"id":119563,"href":"https:\/\/portalmovil.com.ar\/index.php\/wp-json\/wp\/v2\/posts\/119561\/revisions\/119563"}],"wp:featuredmedia":[{"embeddable":true,"href":"https:\/\/portalmovil.com.ar\/index.php\/wp-json\/wp\/v2\/media\/119562"}],"wp:attachment":[{"href":"https:\/\/portalmovil.com.ar\/index.php\/wp-json\/wp\/v2\/media?parent=119561"}],"wp:term":[{"taxonomy":"category","embeddable":true,"href":"https:\/\/portalmovil.com.ar\/index.php\/wp-json\/wp\/v2\/categories?post=119561"},{"taxonomy":"post_tag","embeddable":true,"href":"https:\/\/portalmovil.com.ar\/index.php\/wp-json\/wp\/v2\/tags?post=119561"}],"curies":[{"name":"wp","href":"https:\/\/api.w.org\/{rel}","templated":true}]}}