{"id":119559,"date":"2026-05-01T16:39:00","date_gmt":"2026-05-01T19:39:00","guid":{"rendered":"https:\/\/portalmovil.com.ar\/?p=119559"},"modified":"2026-05-01T16:39:02","modified_gmt":"2026-05-01T19:39:02","slug":"la-justicia-ordeno-restituir-la-pension-por-viudez-a-cristina-fernandez-de-kirchner","status":"publish","type":"post","link":"https:\/\/portalmovil.com.ar\/index.php\/2026\/05\/01\/la-justicia-ordeno-restituir-la-pension-por-viudez-a-cristina-fernandez-de-kirchner\/","title":{"rendered":"La Justicia orden\u00f3 restituir la pensi\u00f3n por viudez a Cristina Fern\u00e1ndez de Kirchner"},"content":{"rendered":"\n<p><em>La Sala III de la C\u00e1mara Federal de la Seguridad Social rechaz\u00f3 este mi\u00e9rcoles un recurso extraordinario federal presentado por la Anses y dej\u00f3 firme la medida cautelar que obliga a restituir la pensi\u00f3n por vuidez a Cristina Fern\u00e1ndez de Kirchner.<\/em><\/p>\n\n\n\n<p>Tras conocerse el fallo, el Ministerio de Capital Humano confirm\u00f3 que el Estado nacional recurrir\u00e1 en queja ante la Corte Suprema de Justicia para intentar revertir la decisi\u00f3n.<\/p>\n\n\n\n<p>La pol\u00e9mica comenz\u00f3 a fines de 2024, cuando la Anses dio de baja, mediante la Resoluci\u00f3n 1092, la jubilaci\u00f3n presidencial y la pensi\u00f3n como viuda de N\u00e9stor Kirchner que percib\u00eda la exmandataria.<\/p>\n","protected":false},"excerpt":{"rendered":"<p>La Sala III de la C\u00e1mara Federal de la Seguridad Social rechaz\u00f3 este mi\u00e9rcoles un recurso extraordinario federal presentado por la Anses y dej\u00f3 firme la medida cautelar que obliga a restituir la pensi\u00f3n por vuidez a Cristina Fern\u00e1ndez de Kirchner. Tras conocerse el fallo, el Ministerio de Capital Humano confirm\u00f3 que el Estado nacional &hellip;<\/p>\n","protected":false},"author":2,"featured_media":114674,"comment_status":"open","ping_status":"open","sticky":false,"template":"","format":"standard","meta":{"_jetpack_memberships_contains_paid_content":false,"footnotes":"","jetpack_publicize_message":"","jetpack_publicize_feature_enabled":true,"jetpack_social_post_already_shared":true,"jetpack_social_options":{"image_generator_settings":{"template":"highway","default_image_id":0,"font":"","enabled":false},"version":2}},"categories":[639,50],"tags":[],"class_list":["post-119559","post","type-post","status-publish","format-standard","has-post-thumbnail","hentry","category-argentina","category-judiciales"],"jetpack_publicize_connections":[],"jetpack_featured_media_url":"https:\/\/portalmovil.com.ar\/wp-content\/uploads\/2025\/11\/cfk-5-1.jpg","jetpack_sharing_enabled":true,"amp_enabled":true,"_links":{"self":[{"href":"https:\/\/portalmovil.com.ar\/index.php\/wp-json\/wp\/v2\/posts\/119559","targetHints":{"allow":["GET"]}}],"collection":[{"href":"https:\/\/portalmovil.com.ar\/index.php\/wp-json\/wp\/v2\/posts"}],"about":[{"href":"https:\/\/portalmovil.com.ar\/index.php\/wp-json\/wp\/v2\/types\/post"}],"author":[{"embeddable":true,"href":"https:\/\/portalmovil.com.ar\/index.php\/wp-json\/wp\/v2\/users\/2"}],"replies":[{"embeddable":true,"href":"https:\/\/portalmovil.com.ar\/index.php\/wp-json\/wp\/v2\/comments?post=119559"}],"version-history":[{"count":1,"href":"https:\/\/portalmovil.com.ar\/index.php\/wp-json\/wp\/v2\/posts\/119559\/revisions"}],"predecessor-version":[{"id":119560,"href":"https:\/\/portalmovil.com.ar\/index.php\/wp-json\/wp\/v2\/posts\/119559\/revisions\/119560"}],"wp:featuredmedia":[{"embeddable":true,"href":"https:\/\/portalmovil.com.ar\/index.php\/wp-json\/wp\/v2\/media\/114674"}],"wp:attachment":[{"href":"https:\/\/portalmovil.com.ar\/index.php\/wp-json\/wp\/v2\/media?parent=119559"}],"wp:term":[{"taxonomy":"category","embeddable":true,"href":"https:\/\/portalmovil.com.ar\/index.php\/wp-json\/wp\/v2\/categories?post=119559"},{"taxonomy":"post_tag","embeddable":true,"href":"https:\/\/portalmovil.com.ar\/index.php\/wp-json\/wp\/v2\/tags?post=119559"}],"curies":[{"name":"wp","href":"https:\/\/api.w.org\/{rel}","templated":true}]}}