{"id":119556,"date":"2026-05-01T10:18:01","date_gmt":"2026-05-01T13:18:01","guid":{"rendered":"https:\/\/portalmovil.com.ar\/?p=119556"},"modified":"2026-05-01T10:18:02","modified_gmt":"2026-05-01T13:18:02","slug":"dia-del-trabajador-el-origen-de-la-cruenta-lucha-que-dio-lugar-al-1-de-mayo","status":"publish","type":"post","link":"https:\/\/portalmovil.com.ar\/index.php\/2026\/05\/01\/dia-del-trabajador-el-origen-de-la-cruenta-lucha-que-dio-lugar-al-1-de-mayo\/","title":{"rendered":"D\u00eda del Trabajador: el origen de la cruenta lucha que dio lugar al 1\u00b0 de mayo"},"content":{"rendered":"\n<p><strong>Cada 1\u00b0 de mayo se conmemora el D\u00eda Internacional de los Trabajadores en recuerdo de las protestas obreras de 1886 en Chicago, Estados Unidos. Aquellas movilizaciones, que reclamaban la jornada laboral de ocho horas, derivaron en una violenta represi\u00f3n y marcaron un antes y un despu\u00e9s en la historia del trabajo.<\/strong>&nbsp;<\/p>\n\n\n\n<p><strong>El origen de la fecha se ubica en un contexto de condiciones laborales extremas, con jornadas que pod\u00edan extenderse hasta 18 horas diarias y sin garant\u00edas b\u00e1sicas. Frente a ese escenario, miles de trabajadores iniciaron huelgas en distintas ciudades estadounidenses, con epicentro en Chicago.<\/strong><\/p>\n\n\n\n<p>La protesta se extendi\u00f3 durante varios d\u00edas y alcanz\u00f3 su punto m\u00e1s cr\u00edtico en la Revuelta de Haymarket. En medio de una manifestaci\u00f3n, una bomba explot\u00f3 entre las fuerzas policiales, lo que desat\u00f3 una represi\u00f3n que dej\u00f3 muertos y heridos. El episodio profundiz\u00f3 el conflicto social y expuso la tensi\u00f3n entre el movimiento obrero y el poder pol\u00edtico.<\/p>\n\n\n\n<p>A partir de esos hechos, en 1889 la Segunda Internacional estableci\u00f3 el 1\u00b0 de mayo como jornada de homenaje a los trabajadores que murieron en Chicago y como reivindicaci\u00f3n de sus demandas. Desde entonces, la fecha se convirti\u00f3 en un emblema de la lucha por derechos laborales en distintos pa\u00edses.<\/p>\n\n\n\n<p><strong>Entre las principales conquistas impulsadas por ese movimiento se encuentran la limitaci\u00f3n de la jornada laboral, mejores condiciones de trabajo, el reconocimiento de los sindicatos y la protecci\u00f3n frente a abusos. Con el paso del tiempo, varios Estados comenzaron a incorporar estas demandas en sus legislaciones.<\/strong><\/p>\n\n\n\n<p>Los llamados M\u00e1rtires de Chicago fueron ocho dirigentes sindicales y activistas vinculados a las protestas. Sin pruebas concluyentes sobre su participaci\u00f3n en el atentado, fueron condenados en un juicio cuestionado. Cuatro de ellos fueron ejecutados, uno muri\u00f3 en prisi\u00f3n y los restantes recibieron penas que luego fueron revisadas.<\/p>\n\n\n\n<p>En Argentina, la primera conmemoraci\u00f3n se realiz\u00f3 en 1890, en l\u00ednea con las expresiones internacionales del movimiento obrero. D\u00e9cadas m\u00e1s tarde, en 1930, el 1\u00b0 de mayo fue declarado feriado nacional, lo que formaliz\u00f3 su reconocimiento institucional.<\/p>\n\n\n\n<p>Actualmente, la jornada es feriado en gran parte del mundo y mantiene su vigencia como recordatorio de los reclamos hist\u00f3ricos del trabajo y de los debates a\u00fan abiertos sobre las condiciones laborales.<\/p>\n","protected":false},"excerpt":{"rendered":"<p>Cada 1\u00b0 de mayo se conmemora el D\u00eda Internacional de los Trabajadores en recuerdo de las protestas obreras de 1886 en Chicago, Estados Unidos. Aquellas movilizaciones, que reclamaban la jornada laboral de ocho horas, derivaron en una violenta represi\u00f3n y marcaron un antes y un despu\u00e9s en la historia del trabajo.&nbsp; El origen de la &hellip;<\/p>\n","protected":false},"author":2,"featured_media":119557,"comment_status":"open","ping_status":"open","sticky":false,"template":"","format":"standard","meta":{"_jetpack_memberships_contains_paid_content":false,"footnotes":"","jetpack_publicize_message":"","jetpack_publicize_feature_enabled":true,"jetpack_social_post_already_shared":true,"jetpack_social_options":{"image_generator_settings":{"template":"highway","default_image_id":0,"font":"","enabled":false},"version":2}},"categories":[394],"tags":[],"class_list":["post-119556","post","type-post","status-publish","format-standard","has-post-thumbnail","hentry","category-efemerides"],"jetpack_publicize_connections":[],"jetpack_featured_media_url":"https:\/\/portalmovil.com.ar\/wp-content\/uploads\/2026\/05\/md.webp","jetpack_sharing_enabled":true,"amp_enabled":true,"_links":{"self":[{"href":"https:\/\/portalmovil.com.ar\/index.php\/wp-json\/wp\/v2\/posts\/119556","targetHints":{"allow":["GET"]}}],"collection":[{"href":"https:\/\/portalmovil.com.ar\/index.php\/wp-json\/wp\/v2\/posts"}],"about":[{"href":"https:\/\/portalmovil.com.ar\/index.php\/wp-json\/wp\/v2\/types\/post"}],"author":[{"embeddable":true,"href":"https:\/\/portalmovil.com.ar\/index.php\/wp-json\/wp\/v2\/users\/2"}],"replies":[{"embeddable":true,"href":"https:\/\/portalmovil.com.ar\/index.php\/wp-json\/wp\/v2\/comments?post=119556"}],"version-history":[{"count":1,"href":"https:\/\/portalmovil.com.ar\/index.php\/wp-json\/wp\/v2\/posts\/119556\/revisions"}],"predecessor-version":[{"id":119558,"href":"https:\/\/portalmovil.com.ar\/index.php\/wp-json\/wp\/v2\/posts\/119556\/revisions\/119558"}],"wp:featuredmedia":[{"embeddable":true,"href":"https:\/\/portalmovil.com.ar\/index.php\/wp-json\/wp\/v2\/media\/119557"}],"wp:attachment":[{"href":"https:\/\/portalmovil.com.ar\/index.php\/wp-json\/wp\/v2\/media?parent=119556"}],"wp:term":[{"taxonomy":"category","embeddable":true,"href":"https:\/\/portalmovil.com.ar\/index.php\/wp-json\/wp\/v2\/categories?post=119556"},{"taxonomy":"post_tag","embeddable":true,"href":"https:\/\/portalmovil.com.ar\/index.php\/wp-json\/wp\/v2\/tags?post=119556"}],"curies":[{"name":"wp","href":"https:\/\/api.w.org\/{rel}","templated":true}]}}