{"id":119546,"date":"2026-04-30T19:18:01","date_gmt":"2026-04-30T22:18:01","guid":{"rendered":"https:\/\/portalmovil.com.ar\/?p=119546"},"modified":"2026-04-30T19:18:02","modified_gmt":"2026-04-30T22:18:02","slug":"emiten-alerta-amarilla-por-tormentas-en-el-este-chaqueno-durante-el-fin-de-semana-largo","status":"publish","type":"post","link":"https:\/\/portalmovil.com.ar\/index.php\/2026\/04\/30\/emiten-alerta-amarilla-por-tormentas-en-el-este-chaqueno-durante-el-fin-de-semana-largo\/","title":{"rendered":"Emiten alerta amarilla por tormentas en el este chaque\u00f1o durante el fin de semana largo"},"content":{"rendered":"\n<p>El Servicio Meteorol\u00f3gico Nacional inform\u00f3 que los departamentos Bermejo, 1\u00b0 de Mayo, General D. F. Donovan, Libertad y San Fernando se encuentran bajo alerta, vigente al menos hasta el s\u00e1bado.<\/p>\n\n\n\n<p><br>La alerta amarilla implica la presencia de fen\u00f3menos meteorol\u00f3gicos con capacidad de da\u00f1o y posibles interrupciones moment\u00e1neas en las actividades cotidianas.<br>En cuanto a la temperatura, se prev\u00e9 un ascenso para el viernes, con una m\u00e1xima de 27\u00b0C y una m\u00ednima de 19\u00b0C.<\/p>\n\n\n\n<p><br>Para el s\u00e1bado, en tanto, se espera un leve descenso t\u00e9rmico: la m\u00e1xima rondar\u00e1 los 24\u00b0C y la m\u00ednima ser\u00e1 de 17\u00b0C.<\/p>\n","protected":false},"excerpt":{"rendered":"<p>El Servicio Meteorol\u00f3gico Nacional inform\u00f3 que los departamentos Bermejo, 1\u00b0 de Mayo, General D. F. Donovan, Libertad y San Fernando se encuentran bajo alerta, vigente al menos hasta el s\u00e1bado. La alerta amarilla implica la presencia de fen\u00f3menos meteorol\u00f3gicos con capacidad de da\u00f1o y posibles interrupciones moment\u00e1neas en las actividades cotidianas.En cuanto a la temperatura, &hellip;<\/p>\n","protected":false},"author":2,"featured_media":46132,"comment_status":"open","ping_status":"open","sticky":false,"template":"","format":"standard","meta":{"_jetpack_memberships_contains_paid_content":false,"footnotes":"","jetpack_publicize_message":"","jetpack_publicize_feature_enabled":true,"jetpack_social_post_already_shared":true,"jetpack_social_options":{"image_generator_settings":{"template":"highway","default_image_id":0,"font":"","enabled":false},"version":2}},"categories":[28,5],"tags":[],"class_list":["post-119546","post","type-post","status-publish","format-standard","has-post-thumbnail","hentry","category-actualidad","category-chaco"],"jetpack_publicize_connections":[],"jetpack_featured_media_url":"https:\/\/portalmovil.com.ar\/wp-content\/uploads\/2021\/12\/lluviaauto-696x464-1.jpg","jetpack_sharing_enabled":true,"amp_enabled":true,"_links":{"self":[{"href":"https:\/\/portalmovil.com.ar\/index.php\/wp-json\/wp\/v2\/posts\/119546","targetHints":{"allow":["GET"]}}],"collection":[{"href":"https:\/\/portalmovil.com.ar\/index.php\/wp-json\/wp\/v2\/posts"}],"about":[{"href":"https:\/\/portalmovil.com.ar\/index.php\/wp-json\/wp\/v2\/types\/post"}],"author":[{"embeddable":true,"href":"https:\/\/portalmovil.com.ar\/index.php\/wp-json\/wp\/v2\/users\/2"}],"replies":[{"embeddable":true,"href":"https:\/\/portalmovil.com.ar\/index.php\/wp-json\/wp\/v2\/comments?post=119546"}],"version-history":[{"count":1,"href":"https:\/\/portalmovil.com.ar\/index.php\/wp-json\/wp\/v2\/posts\/119546\/revisions"}],"predecessor-version":[{"id":119547,"href":"https:\/\/portalmovil.com.ar\/index.php\/wp-json\/wp\/v2\/posts\/119546\/revisions\/119547"}],"wp:featuredmedia":[{"embeddable":true,"href":"https:\/\/portalmovil.com.ar\/index.php\/wp-json\/wp\/v2\/media\/46132"}],"wp:attachment":[{"href":"https:\/\/portalmovil.com.ar\/index.php\/wp-json\/wp\/v2\/media?parent=119546"}],"wp:term":[{"taxonomy":"category","embeddable":true,"href":"https:\/\/portalmovil.com.ar\/index.php\/wp-json\/wp\/v2\/categories?post=119546"},{"taxonomy":"post_tag","embeddable":true,"href":"https:\/\/portalmovil.com.ar\/index.php\/wp-json\/wp\/v2\/tags?post=119546"}],"curies":[{"name":"wp","href":"https:\/\/api.w.org\/{rel}","templated":true}]}}