{"id":119539,"date":"2026-04-30T13:37:38","date_gmt":"2026-04-30T16:37:38","guid":{"rendered":"https:\/\/portalmovil.com.ar\/?p=119539"},"modified":"2026-04-30T13:37:40","modified_gmt":"2026-04-30T16:37:40","slug":"el-policia-baleado-en-colonias-unidas-ya-fue-dado-de-alta","status":"publish","type":"post","link":"https:\/\/portalmovil.com.ar\/index.php\/2026\/04\/30\/el-policia-baleado-en-colonias-unidas-ya-fue-dado-de-alta\/","title":{"rendered":"El polic\u00eda baleado en Colonias Unidas ya fue dado de alta"},"content":{"rendered":"\n<p>El agente policial Lucas G\u00f3mez, herido durante el tiroteo ocurrido en la comisar\u00eda de Colonias Unidas, fue dado de alta este jueves tras permanecer internado. El efectivo hab\u00eda sido asistido inicialmente en el Hospital Julio C. Perrando, luego de sufrir una fractura expuesta de h\u00famero en el brazo izquierdo y una herida de arma de fuego con orificio de entrada sin salida.<\/p>\n\n\n\n<p><br>Seg\u00fan fuentes policiales, tras recibir el alta m\u00e9dica fue trasladado a su domicilio, donde continuar\u00e1 con su recuperaci\u00f3n a la espera de una intervenci\u00f3n quir\u00fargica.<\/p>\n\n\n\n<p><br>El hecho se produjo durante la madrugada del martes, cerca de las 4:30, cuando un oficial ayudante efectu\u00f3 varios disparos dentro del sector de guardia de la dependencia. Como consecuencia, G\u00f3mez result\u00f3 herido y debi\u00f3 ser derivado posteriormente a un sanatorio privado.<\/p>\n\n\n\n<p><br>Tras el episodio, se secuestraron el arma reglamentaria, vainas servidas, cartuchos y el tel\u00e9fono celular del agresor, quien permanece detenido y fue sometido a estudios toxicol\u00f3gicos y pericias forenses.<\/p>\n\n\n\n<p><br>La causa contin\u00faa en etapa de investigaci\u00f3n para determinar responsabilidades y esclarecer lo sucedido. En paralelo, desde el \u00e1rea de Seguridad Social informaron que se realizar\u00e1 un seguimiento del estado de salud del agente.<\/p>\n","protected":false},"excerpt":{"rendered":"<p>El agente policial Lucas G\u00f3mez, herido durante el tiroteo ocurrido en la comisar\u00eda de Colonias Unidas, fue dado de alta este jueves tras permanecer internado. El efectivo hab\u00eda sido asistido inicialmente en el Hospital Julio C. Perrando, luego de sufrir una fractura expuesta de h\u00famero en el brazo izquierdo y una herida de arma de &hellip;<\/p>\n","protected":false},"author":2,"featured_media":119540,"comment_status":"open","ping_status":"open","sticky":false,"template":"","format":"standard","meta":{"_jetpack_memberships_contains_paid_content":false,"footnotes":"","jetpack_publicize_message":"","jetpack_publicize_feature_enabled":true,"jetpack_social_post_already_shared":true,"jetpack_social_options":{"image_generator_settings":{"template":"highway","default_image_id":0,"font":"","enabled":false},"version":2}},"categories":[5,8],"tags":[],"class_list":["post-119539","post","type-post","status-publish","format-standard","has-post-thumbnail","hentry","category-chaco","category-policiales"],"jetpack_publicize_connections":[],"jetpack_featured_media_url":"https:\/\/portalmovil.com.ar\/wp-content\/uploads\/2026\/04\/1777567014108.jpg","jetpack_sharing_enabled":true,"amp_enabled":true,"_links":{"self":[{"href":"https:\/\/portalmovil.com.ar\/index.php\/wp-json\/wp\/v2\/posts\/119539","targetHints":{"allow":["GET"]}}],"collection":[{"href":"https:\/\/portalmovil.com.ar\/index.php\/wp-json\/wp\/v2\/posts"}],"about":[{"href":"https:\/\/portalmovil.com.ar\/index.php\/wp-json\/wp\/v2\/types\/post"}],"author":[{"embeddable":true,"href":"https:\/\/portalmovil.com.ar\/index.php\/wp-json\/wp\/v2\/users\/2"}],"replies":[{"embeddable":true,"href":"https:\/\/portalmovil.com.ar\/index.php\/wp-json\/wp\/v2\/comments?post=119539"}],"version-history":[{"count":1,"href":"https:\/\/portalmovil.com.ar\/index.php\/wp-json\/wp\/v2\/posts\/119539\/revisions"}],"predecessor-version":[{"id":119541,"href":"https:\/\/portalmovil.com.ar\/index.php\/wp-json\/wp\/v2\/posts\/119539\/revisions\/119541"}],"wp:featuredmedia":[{"embeddable":true,"href":"https:\/\/portalmovil.com.ar\/index.php\/wp-json\/wp\/v2\/media\/119540"}],"wp:attachment":[{"href":"https:\/\/portalmovil.com.ar\/index.php\/wp-json\/wp\/v2\/media?parent=119539"}],"wp:term":[{"taxonomy":"category","embeddable":true,"href":"https:\/\/portalmovil.com.ar\/index.php\/wp-json\/wp\/v2\/categories?post=119539"},{"taxonomy":"post_tag","embeddable":true,"href":"https:\/\/portalmovil.com.ar\/index.php\/wp-json\/wp\/v2\/tags?post=119539"}],"curies":[{"name":"wp","href":"https:\/\/api.w.org\/{rel}","templated":true}]}}