{"id":119533,"date":"2026-04-30T12:58:59","date_gmt":"2026-04-30T15:58:59","guid":{"rendered":"https:\/\/portalmovil.com.ar\/?p=119533"},"modified":"2026-04-30T12:59:01","modified_gmt":"2026-04-30T15:59:01","slug":"barranqueras-reforzo-el-alumbrado-publico-en-los-barrios-40-y-20-viviendas","status":"publish","type":"post","link":"https:\/\/portalmovil.com.ar\/index.php\/2026\/04\/30\/barranqueras-reforzo-el-alumbrado-publico-en-los-barrios-40-y-20-viviendas\/","title":{"rendered":"Barranqueras reforz\u00f3 el alumbrado p\u00fablico en los barrios 40 y 20 Viviendas"},"content":{"rendered":"\n<p>Los trabajos incluyeron la colocaci\u00f3n de un total de 14 nuevas luminarias, priorizando los puntos m\u00e1s cr\u00edticos en materia de iluminaci\u00f3n, previamente relevados durante una recorrida nocturna realizada semanas atr\u00e1s junto a referentes barriales.<\/p>\n\n\n\n<p>Esta intervenci\u00f3n permiti\u00f3 mejorar significativamente la visibilidad y la seguridad en distintos sectores, avanzando en la respuesta concreta a las necesidades planteadas por la comunidad.<\/p>\n\n\n\n<p>Desde el Municipio se contin\u00faa trabajando de manera coordinada con instituciones y vecinos, fortaleciendo la presencia territorial y llevando soluciones que impactan directamente en la vida cotidiana de los barrios.<\/p>\n","protected":false},"excerpt":{"rendered":"<p>Los trabajos incluyeron la colocaci\u00f3n de un total de 14 nuevas luminarias, priorizando los puntos m\u00e1s cr\u00edticos en materia de iluminaci\u00f3n, previamente relevados durante una recorrida nocturna realizada semanas atr\u00e1s junto a referentes barriales. Esta intervenci\u00f3n permiti\u00f3 mejorar significativamente la visibilidad y la seguridad en distintos sectores, avanzando en la respuesta concreta a las necesidades &hellip;<\/p>\n","protected":false},"author":2,"featured_media":119534,"comment_status":"open","ping_status":"open","sticky":false,"template":"","format":"standard","meta":{"_jetpack_memberships_contains_paid_content":false,"footnotes":"","jetpack_publicize_message":"","jetpack_publicize_feature_enabled":true,"jetpack_social_post_already_shared":true,"jetpack_social_options":{"image_generator_settings":{"template":"highway","default_image_id":0,"font":"","enabled":false},"version":2}},"categories":[5,14],"tags":[],"class_list":["post-119533","post","type-post","status-publish","format-standard","has-post-thumbnail","hentry","category-chaco","category-politica"],"jetpack_publicize_connections":[],"jetpack_featured_media_url":"https:\/\/portalmovil.com.ar\/wp-content\/uploads\/2026\/04\/38699w480h360c.jpg.webp","jetpack_sharing_enabled":true,"amp_enabled":true,"_links":{"self":[{"href":"https:\/\/portalmovil.com.ar\/index.php\/wp-json\/wp\/v2\/posts\/119533","targetHints":{"allow":["GET"]}}],"collection":[{"href":"https:\/\/portalmovil.com.ar\/index.php\/wp-json\/wp\/v2\/posts"}],"about":[{"href":"https:\/\/portalmovil.com.ar\/index.php\/wp-json\/wp\/v2\/types\/post"}],"author":[{"embeddable":true,"href":"https:\/\/portalmovil.com.ar\/index.php\/wp-json\/wp\/v2\/users\/2"}],"replies":[{"embeddable":true,"href":"https:\/\/portalmovil.com.ar\/index.php\/wp-json\/wp\/v2\/comments?post=119533"}],"version-history":[{"count":1,"href":"https:\/\/portalmovil.com.ar\/index.php\/wp-json\/wp\/v2\/posts\/119533\/revisions"}],"predecessor-version":[{"id":119535,"href":"https:\/\/portalmovil.com.ar\/index.php\/wp-json\/wp\/v2\/posts\/119533\/revisions\/119535"}],"wp:featuredmedia":[{"embeddable":true,"href":"https:\/\/portalmovil.com.ar\/index.php\/wp-json\/wp\/v2\/media\/119534"}],"wp:attachment":[{"href":"https:\/\/portalmovil.com.ar\/index.php\/wp-json\/wp\/v2\/media?parent=119533"}],"wp:term":[{"taxonomy":"category","embeddable":true,"href":"https:\/\/portalmovil.com.ar\/index.php\/wp-json\/wp\/v2\/categories?post=119533"},{"taxonomy":"post_tag","embeddable":true,"href":"https:\/\/portalmovil.com.ar\/index.php\/wp-json\/wp\/v2\/tags?post=119533"}],"curies":[{"name":"wp","href":"https:\/\/api.w.org\/{rel}","templated":true}]}}