{"id":119522,"date":"2026-04-30T09:18:36","date_gmt":"2026-04-30T12:18:36","guid":{"rendered":"https:\/\/portalmovil.com.ar\/?p=119522"},"modified":"2026-04-30T09:18:37","modified_gmt":"2026-04-30T12:18:37","slug":"secheep-aplica-desde-mayo-un-nuevo-incremento-en-la-tarifa-electrica","status":"publish","type":"post","link":"https:\/\/portalmovil.com.ar\/index.php\/2026\/04\/30\/secheep-aplica-desde-mayo-un-nuevo-incremento-en-la-tarifa-electrica\/","title":{"rendered":"SECHEEP aplica desde mayo un nuevo incremento en la tarifa el\u00e9ctrica"},"content":{"rendered":"\n<p>El Gobierno del Chaco oficializ\u00f3 una actualizaci\u00f3n en la tarifa del servicio el\u00e9ctrico que presta SECHEEP,la cual se aplicar\u00e1 de manera gradual a lo largo de un a\u00f1o a partir de mayo. La medida fue establecida mediante una resoluci\u00f3n del Ministerio de Infraestructura, Obras y Servicios P\u00fablicos, tras la realizaci\u00f3n de una Audiencia P\u00fablica en febrero de 2026.<\/p>\n\n\n\n<p>Seg\u00fan se detalla en el documento, la decisi\u00f3n responde a un desfasaje entre los costos actuales del servicio y los valores tarifarios vigentes, que estaban calculados en base a precios de diciembre de 2023. En ese sentido, se advierte que los elevados \u00edndices de inflaci\u00f3n registrados durante 2024 y 2025 impactaron directamente en los costos de distribuci\u00f3n de energ\u00eda.<\/p>\n\n\n\n<p>El eje central de la actualizaci\u00f3n es el denominado Valor Agregado de Distribuci\u00f3n (VAD), componente de la tarifa que cubre gastos operativos, mantenimiento de infraestructura y prestaci\u00f3n del servicio. Desde el Ejecutivo provincial sostienen que el esquema vigente no permite cubrir estos costos, generando un desequilibrio econ\u00f3mico en la empresa estatal.<\/p>\n\n\n\n<p>La nueva estructura tarifaria comenzar\u00e1 a aplicarse a partir de los consumos registrados desde el 1 de mayo de 2026. El incremento no ser\u00e1 inmediato, sino que se implementar\u00e1 en etapas mensuales durante 12 meses consecutivos, hasta alcanzar su totalidad.<\/p>\n","protected":false},"excerpt":{"rendered":"<p>El Gobierno del Chaco oficializ\u00f3 una actualizaci\u00f3n en la tarifa del servicio el\u00e9ctrico que presta SECHEEP,la cual se aplicar\u00e1 de manera gradual a lo largo de un a\u00f1o a partir de mayo. La medida fue establecida mediante una resoluci\u00f3n del Ministerio de Infraestructura, Obras y Servicios P\u00fablicos, tras la realizaci\u00f3n de una Audiencia P\u00fablica en &hellip;<\/p>\n","protected":false},"author":2,"featured_media":119523,"comment_status":"open","ping_status":"open","sticky":false,"template":"","format":"standard","meta":{"_jetpack_memberships_contains_paid_content":false,"footnotes":"","jetpack_publicize_message":"","jetpack_publicize_feature_enabled":true,"jetpack_social_post_already_shared":true,"jetpack_social_options":{"image_generator_settings":{"template":"highway","default_image_id":0,"font":"","enabled":false},"version":2}},"categories":[5,14],"tags":[],"class_list":["post-119522","post","type-post","status-publish","format-standard","has-post-thumbnail","hentry","category-chaco","category-politica"],"jetpack_publicize_connections":[],"jetpack_featured_media_url":"https:\/\/portalmovil.com.ar\/wp-content\/uploads\/2026\/04\/20260429_0954560-scaled.jpg","jetpack_sharing_enabled":true,"amp_enabled":true,"_links":{"self":[{"href":"https:\/\/portalmovil.com.ar\/index.php\/wp-json\/wp\/v2\/posts\/119522","targetHints":{"allow":["GET"]}}],"collection":[{"href":"https:\/\/portalmovil.com.ar\/index.php\/wp-json\/wp\/v2\/posts"}],"about":[{"href":"https:\/\/portalmovil.com.ar\/index.php\/wp-json\/wp\/v2\/types\/post"}],"author":[{"embeddable":true,"href":"https:\/\/portalmovil.com.ar\/index.php\/wp-json\/wp\/v2\/users\/2"}],"replies":[{"embeddable":true,"href":"https:\/\/portalmovil.com.ar\/index.php\/wp-json\/wp\/v2\/comments?post=119522"}],"version-history":[{"count":1,"href":"https:\/\/portalmovil.com.ar\/index.php\/wp-json\/wp\/v2\/posts\/119522\/revisions"}],"predecessor-version":[{"id":119524,"href":"https:\/\/portalmovil.com.ar\/index.php\/wp-json\/wp\/v2\/posts\/119522\/revisions\/119524"}],"wp:featuredmedia":[{"embeddable":true,"href":"https:\/\/portalmovil.com.ar\/index.php\/wp-json\/wp\/v2\/media\/119523"}],"wp:attachment":[{"href":"https:\/\/portalmovil.com.ar\/index.php\/wp-json\/wp\/v2\/media?parent=119522"}],"wp:term":[{"taxonomy":"category","embeddable":true,"href":"https:\/\/portalmovil.com.ar\/index.php\/wp-json\/wp\/v2\/categories?post=119522"},{"taxonomy":"post_tag","embeddable":true,"href":"https:\/\/portalmovil.com.ar\/index.php\/wp-json\/wp\/v2\/tags?post=119522"}],"curies":[{"name":"wp","href":"https:\/\/api.w.org\/{rel}","templated":true}]}}