{"id":119515,"date":"2026-04-29T21:05:40","date_gmt":"2026-04-30T00:05:40","guid":{"rendered":"https:\/\/portalmovil.com.ar\/?p=119515"},"modified":"2026-04-29T21:05:41","modified_gmt":"2026-04-30T00:05:41","slug":"milei-por-los-logros-economicos-tenemos-reconocimiento-internacional-pero-nadie-es-profeta-en-su-tierra","status":"publish","type":"post","link":"https:\/\/portalmovil.com.ar\/index.php\/2026\/04\/29\/milei-por-los-logros-economicos-tenemos-reconocimiento-internacional-pero-nadie-es-profeta-en-su-tierra\/","title":{"rendered":"Milei: \u00abPor los logros econ\u00f3micos tenemos reconocimiento internacional, pero nadie es profeta en su tierra\u00bb"},"content":{"rendered":"\n<p>Tras acompa\u00f1ar al jefe de Gabinete, Manuel Adorni, al Congreso para la presentaci\u00f3n de su informe de gesti\u00f3n, el presidente Javier Milei brind\u00f3 un extenso discurso en el evento Expo EFI, donde defendi\u00f3 con \u00e9nfasis el rumbo econ\u00f3mico de su administraci\u00f3n.<\/p>\n\n\n\n<p><br>Durante su intervenci\u00f3n, que se prolong\u00f3 por m\u00e1s de una hora y media, el mandatario sostuvo que los resultados de su pol\u00edtica econ\u00f3mica cuentan con reconocimiento internacional, aunque lament\u00f3 la falta de valoraci\u00f3n a nivel local. \u201cNadie es profeta en su tierra\u201d, expres\u00f3, al tiempo que cuestion\u00f3 la cobertura medi\u00e1tica y denunci\u00f3 una supuesta brecha entre los datos oficiales y su interpretaci\u00f3n en los medios.<\/p>\n\n\n\n<p><br>En ese sentido, afirm\u00f3 que su gobierno enfrenta de manera constante \u201cmentiras\u201d, y remarc\u00f3 que el modelo impulsado por La Libertad Avanza no tiene precedentes en la historia del pa\u00eds.<\/p>\n\n\n\n<p><br>El discurso fue seguido de cerca por integrantes clave del gabinete, entre ellos el ministro de Econom\u00eda, Luis Caputo, y el secretario de Finanzas, Pablo Quirno. Milei volvi\u00f3 a destacar la labor de Caputo, a quien calific\u00f3 como \u201cel mejor ministro de la historia\u201d, y asegur\u00f3 que en los \u00faltimos d\u00edas busc\u00f3 poner en perspectiva hist\u00f3rica los \u201clogros\u201d alcanzados por su gesti\u00f3n.<\/p>\n","protected":false},"excerpt":{"rendered":"<p>Tras acompa\u00f1ar al jefe de Gabinete, Manuel Adorni, al Congreso para la presentaci\u00f3n de su informe de gesti\u00f3n, el presidente Javier Milei brind\u00f3 un extenso discurso en el evento Expo EFI, donde defendi\u00f3 con \u00e9nfasis el rumbo econ\u00f3mico de su administraci\u00f3n. Durante su intervenci\u00f3n, que se prolong\u00f3 por m\u00e1s de una hora y media, el &hellip;<\/p>\n","protected":false},"author":2,"featured_media":119516,"comment_status":"open","ping_status":"open","sticky":false,"template":"","format":"standard","meta":{"_jetpack_memberships_contains_paid_content":false,"footnotes":"","jetpack_publicize_message":"","jetpack_publicize_feature_enabled":true,"jetpack_social_post_already_shared":true,"jetpack_social_options":{"image_generator_settings":{"template":"highway","default_image_id":0,"font":"","enabled":false},"version":2}},"categories":[639,14],"tags":[],"class_list":["post-119515","post","type-post","status-publish","format-standard","has-post-thumbnail","hentry","category-argentina","category-politica"],"jetpack_publicize_connections":[],"jetpack_featured_media_url":"https:\/\/portalmovil.com.ar\/wp-content\/uploads\/2026\/04\/69f23c4c23d5b_700_410.webp","jetpack_sharing_enabled":true,"amp_enabled":true,"_links":{"self":[{"href":"https:\/\/portalmovil.com.ar\/index.php\/wp-json\/wp\/v2\/posts\/119515","targetHints":{"allow":["GET"]}}],"collection":[{"href":"https:\/\/portalmovil.com.ar\/index.php\/wp-json\/wp\/v2\/posts"}],"about":[{"href":"https:\/\/portalmovil.com.ar\/index.php\/wp-json\/wp\/v2\/types\/post"}],"author":[{"embeddable":true,"href":"https:\/\/portalmovil.com.ar\/index.php\/wp-json\/wp\/v2\/users\/2"}],"replies":[{"embeddable":true,"href":"https:\/\/portalmovil.com.ar\/index.php\/wp-json\/wp\/v2\/comments?post=119515"}],"version-history":[{"count":1,"href":"https:\/\/portalmovil.com.ar\/index.php\/wp-json\/wp\/v2\/posts\/119515\/revisions"}],"predecessor-version":[{"id":119517,"href":"https:\/\/portalmovil.com.ar\/index.php\/wp-json\/wp\/v2\/posts\/119515\/revisions\/119517"}],"wp:featuredmedia":[{"embeddable":true,"href":"https:\/\/portalmovil.com.ar\/index.php\/wp-json\/wp\/v2\/media\/119516"}],"wp:attachment":[{"href":"https:\/\/portalmovil.com.ar\/index.php\/wp-json\/wp\/v2\/media?parent=119515"}],"wp:term":[{"taxonomy":"category","embeddable":true,"href":"https:\/\/portalmovil.com.ar\/index.php\/wp-json\/wp\/v2\/categories?post=119515"},{"taxonomy":"post_tag","embeddable":true,"href":"https:\/\/portalmovil.com.ar\/index.php\/wp-json\/wp\/v2\/tags?post=119515"}],"curies":[{"name":"wp","href":"https:\/\/api.w.org\/{rel}","templated":true}]}}