{"id":119512,"date":"2026-04-29T20:59:03","date_gmt":"2026-04-29T23:59:03","guid":{"rendered":"https:\/\/portalmovil.com.ar\/?p=119512"},"modified":"2026-04-29T21:12:28","modified_gmt":"2026-04-30T00:12:28","slug":"joven-electrocutado-en-las-locas-esta-en-coma-y-con-el-75-del-cuerpo-quemado","status":"publish","type":"post","link":"https:\/\/portalmovil.com.ar\/index.php\/2026\/04\/29\/joven-electrocutado-en-las-locas-esta-en-coma-y-con-el-75-del-cuerpo-quemado\/","title":{"rendered":"Joven electrocutado en \u00abLas Locas\u00bb est\u00e1 en coma y con el 75% del cuerpo quemado"},"content":{"rendered":"\n<p>Se conoci\u00f3 el parte m\u00e9dico del trabajador que sufri\u00f3 una descarga el\u00e9ctrica con cables de alta tensi\u00f3n este mi\u00e9rcoles por la tarde, en un grave accidente laboral ocurrido en la ciudad. La v\u00edctima, que inicialmente no pudo ser identificada, fue posteriormente reconocida como A.M.F., de 28 a\u00f1os.<\/p>\n\n\n\n<p><br>El hombre fue trasladado de urgencia al Hospital Perrando, donde permanece internado en estado cr\u00edtico en la unidad de terapia intensiva. Seg\u00fan el informe m\u00e9dico, presenta m\u00e1s del 75% del cuerpo quemado, se encuentra con asistencia mec\u00e1nica respiratoria y en coma inducido, bajo estricta vigilancia.<\/p>\n\n\n\n<p><br>De acuerdo a las primeras informaciones, el hecho ocurri\u00f3 mientras realizaba tareas en el techo de un local comercial ubicado sobre avenida Castelli al 3200. Tras el accidente, vecinos de la zona intervinieron para asistirlo y lograron bajarlo del lugar.<\/p>\n\n\n\n<p><br>En el sitio, efectivos policiales entrevistaron a J.G., de 38 a\u00f1os, encargado de una obra en construcci\u00f3n cercana, quien confirm\u00f3 que el trabajador se encontraba realizando labores en altura cuando se produjo la descarga el\u00e9ctrica que le provoc\u00f3 graves lesiones.<\/p>\n","protected":false},"excerpt":{"rendered":"<p>Se conoci\u00f3 el parte m\u00e9dico del trabajador que sufri\u00f3 una descarga el\u00e9ctrica con cables de alta tensi\u00f3n este mi\u00e9rcoles por la tarde, en un grave accidente laboral ocurrido en la ciudad. La v\u00edctima, que inicialmente no pudo ser identificada, fue posteriormente reconocida como A.M.F., de 28 a\u00f1os. El hombre fue trasladado de urgencia al Hospital &hellip;<\/p>\n","protected":false},"author":2,"featured_media":119513,"comment_status":"open","ping_status":"open","sticky":false,"template":"","format":"standard","meta":{"_jetpack_memberships_contains_paid_content":false,"footnotes":"","jetpack_publicize_message":"","jetpack_publicize_feature_enabled":true,"jetpack_social_post_already_shared":true,"jetpack_social_options":{"image_generator_settings":{"template":"highway","default_image_id":0,"font":"","enabled":false},"version":2}},"categories":[8,37],"tags":[],"class_list":["post-119512","post","type-post","status-publish","format-standard","has-post-thumbnail","hentry","category-policiales","category-resistencia"],"jetpack_publicize_connections":[],"jetpack_featured_media_url":"https:\/\/portalmovil.com.ar\/wp-content\/uploads\/2026\/04\/1777507015297.jpg","jetpack_sharing_enabled":true,"amp_enabled":true,"_links":{"self":[{"href":"https:\/\/portalmovil.com.ar\/index.php\/wp-json\/wp\/v2\/posts\/119512","targetHints":{"allow":["GET"]}}],"collection":[{"href":"https:\/\/portalmovil.com.ar\/index.php\/wp-json\/wp\/v2\/posts"}],"about":[{"href":"https:\/\/portalmovil.com.ar\/index.php\/wp-json\/wp\/v2\/types\/post"}],"author":[{"embeddable":true,"href":"https:\/\/portalmovil.com.ar\/index.php\/wp-json\/wp\/v2\/users\/2"}],"replies":[{"embeddable":true,"href":"https:\/\/portalmovil.com.ar\/index.php\/wp-json\/wp\/v2\/comments?post=119512"}],"version-history":[{"count":1,"href":"https:\/\/portalmovil.com.ar\/index.php\/wp-json\/wp\/v2\/posts\/119512\/revisions"}],"predecessor-version":[{"id":119514,"href":"https:\/\/portalmovil.com.ar\/index.php\/wp-json\/wp\/v2\/posts\/119512\/revisions\/119514"}],"wp:featuredmedia":[{"embeddable":true,"href":"https:\/\/portalmovil.com.ar\/index.php\/wp-json\/wp\/v2\/media\/119513"}],"wp:attachment":[{"href":"https:\/\/portalmovil.com.ar\/index.php\/wp-json\/wp\/v2\/media?parent=119512"}],"wp:term":[{"taxonomy":"category","embeddable":true,"href":"https:\/\/portalmovil.com.ar\/index.php\/wp-json\/wp\/v2\/categories?post=119512"},{"taxonomy":"post_tag","embeddable":true,"href":"https:\/\/portalmovil.com.ar\/index.php\/wp-json\/wp\/v2\/tags?post=119512"}],"curies":[{"name":"wp","href":"https:\/\/api.w.org\/{rel}","templated":true}]}}