{"id":119509,"date":"2026-04-29T20:41:42","date_gmt":"2026-04-29T23:41:42","guid":{"rendered":"https:\/\/portalmovil.com.ar\/?p=119509"},"modified":"2026-04-29T20:41:43","modified_gmt":"2026-04-29T23:41:43","slug":"avanza-la-causa-prision-preventiva-para-los-ultimos-policias-acusados","status":"publish","type":"post","link":"https:\/\/portalmovil.com.ar\/index.php\/2026\/04\/29\/avanza-la-causa-prision-preventiva-para-los-ultimos-policias-acusados\/","title":{"rendered":"Avanza la causa: prisi\u00f3n preventiva para los \u00faltimos polic\u00edas acusados"},"content":{"rendered":"\n<p>La Justicia Federal ratific\u00f3 este mi\u00e9rcoles la prisi\u00f3n preventiva para los dos \u00faltimos efectivos policiales detenidos por el intento de robo de estupefacientes ocurrido durante una quema oficial en Colonia Ben\u00edtez. Ambos pertenecen a la Divisi\u00f3n Consumos Problem\u00e1ticos y seguir\u00e1n detenidos mientras avanza la investigaci\u00f3n por su vinculaci\u00f3n con una organizaci\u00f3n dedicada a la comercializaci\u00f3n de drogas.<\/p>\n\n\n\n<p>Los agentes enfrentan cargos por tenencia de estupefacientes con fines de comercializaci\u00f3n y peculado, delitos agravados por su condici\u00f3n de funcionarios p\u00fablicos. Actualmente, los imputados se encuentran alojados en la Delegaci\u00f3n Resistencia de la Polic\u00eda Federal. La medida judicial establece que permanecer\u00e1n bajo arresto preventivo, al menos, hasta el pr\u00f3ximo 16 de mayo.<\/p>\n\n\n\n<p>Durante la audiencia de revisi\u00f3n, la defensa t\u00e9cnica de los polic\u00edas intent\u00f3 impugnar la resoluci\u00f3n previa alegando falta de pruebas y ausencia de riesgos procesales. Incluso, se solicit\u00f3 el beneficio de la prisi\u00f3n domiciliaria para uno de ellos, bajo el argumento de ser sost\u00e9n de familia con hijos menores de edad. Sin embargo, el magistrado desestim\u00f3 estos pedidos de forma contundente.<\/p>\n\n\n\n<p>El juez Bosch fundament\u00f3 su decisi\u00f3n en el peligro real que representar\u00eda la libertad de los agentes para el \u00e9xito de la causa. El magistrado se\u00f1al\u00f3 que existe un riesgo latente de fuga y de entorpecimiento de la investigaci\u00f3n debido a que su condici\u00f3n de miembros de la fuerza de seguridad les otorga medios para interferir en el proceso. Por estos motivos, los planteos de la defensa fueron considerados insuficientes para otorgar la libertad.<\/p>\n\n\n\n<p>Con la confirmaci\u00f3n de estas medidas, se cierra el c\u00edrculo sobre los \u00faltimos arrestados de una causa que ya tiene a numerosos uniformados de distintas jerarqu\u00edas imputados, incluyendo a un comisario y un subcomisario. Entre los implicados figuran oficiales, sargentos y cabos, de los cuales casi la totalidad permanece en prisi\u00f3n efectiva. Hasta el momento, solo uno de los polic\u00edas involucrados en el caso ha logrado obtener el beneficio de la prisi\u00f3n domiciliaria.<\/p>\n","protected":false},"excerpt":{"rendered":"<p>La Justicia Federal ratific\u00f3 este mi\u00e9rcoles la prisi\u00f3n preventiva para los dos \u00faltimos efectivos policiales detenidos por el intento de robo de estupefacientes ocurrido durante una quema oficial en Colonia Ben\u00edtez. Ambos pertenecen a la Divisi\u00f3n Consumos Problem\u00e1ticos y seguir\u00e1n detenidos mientras avanza la investigaci\u00f3n por su vinculaci\u00f3n con una organizaci\u00f3n dedicada a la comercializaci\u00f3n &hellip;<\/p>\n","protected":false},"author":2,"featured_media":119510,"comment_status":"open","ping_status":"open","sticky":false,"template":"","format":"standard","meta":{"_jetpack_memberships_contains_paid_content":false,"footnotes":"","jetpack_publicize_message":"","jetpack_publicize_feature_enabled":true,"jetpack_social_post_already_shared":true,"jetpack_social_options":{"image_generator_settings":{"template":"highway","default_image_id":0,"font":"","enabled":false},"version":2}},"categories":[5,50],"tags":[],"class_list":["post-119509","post","type-post","status-publish","format-standard","has-post-thumbnail","hentry","category-chaco","category-judiciales"],"jetpack_publicize_connections":[],"jetpack_featured_media_url":"https:\/\/portalmovil.com.ar\/wp-content\/uploads\/2026\/04\/1777506078971.jpg","jetpack_sharing_enabled":true,"amp_enabled":true,"_links":{"self":[{"href":"https:\/\/portalmovil.com.ar\/index.php\/wp-json\/wp\/v2\/posts\/119509","targetHints":{"allow":["GET"]}}],"collection":[{"href":"https:\/\/portalmovil.com.ar\/index.php\/wp-json\/wp\/v2\/posts"}],"about":[{"href":"https:\/\/portalmovil.com.ar\/index.php\/wp-json\/wp\/v2\/types\/post"}],"author":[{"embeddable":true,"href":"https:\/\/portalmovil.com.ar\/index.php\/wp-json\/wp\/v2\/users\/2"}],"replies":[{"embeddable":true,"href":"https:\/\/portalmovil.com.ar\/index.php\/wp-json\/wp\/v2\/comments?post=119509"}],"version-history":[{"count":1,"href":"https:\/\/portalmovil.com.ar\/index.php\/wp-json\/wp\/v2\/posts\/119509\/revisions"}],"predecessor-version":[{"id":119511,"href":"https:\/\/portalmovil.com.ar\/index.php\/wp-json\/wp\/v2\/posts\/119509\/revisions\/119511"}],"wp:featuredmedia":[{"embeddable":true,"href":"https:\/\/portalmovil.com.ar\/index.php\/wp-json\/wp\/v2\/media\/119510"}],"wp:attachment":[{"href":"https:\/\/portalmovil.com.ar\/index.php\/wp-json\/wp\/v2\/media?parent=119509"}],"wp:term":[{"taxonomy":"category","embeddable":true,"href":"https:\/\/portalmovil.com.ar\/index.php\/wp-json\/wp\/v2\/categories?post=119509"},{"taxonomy":"post_tag","embeddable":true,"href":"https:\/\/portalmovil.com.ar\/index.php\/wp-json\/wp\/v2\/tags?post=119509"}],"curies":[{"name":"wp","href":"https:\/\/api.w.org\/{rel}","templated":true}]}}