{"id":119493,"date":"2026-04-29T13:43:07","date_gmt":"2026-04-29T16:43:07","guid":{"rendered":"https:\/\/portalmovil.com.ar\/?p=119493"},"modified":"2026-04-29T13:43:08","modified_gmt":"2026-04-29T16:43:08","slug":"adorni-rompio-el-silencio-sobre-su-patrimonio-no-cometi-ningun-delito-y-voy-a-comprobarlo-en-la-justicia","status":"publish","type":"post","link":"https:\/\/portalmovil.com.ar\/index.php\/2026\/04\/29\/adorni-rompio-el-silencio-sobre-su-patrimonio-no-cometi-ningun-delito-y-voy-a-comprobarlo-en-la-justicia\/","title":{"rendered":"Adorni rompi\u00f3 el silencio sobre su patrimonio: \u00abNo comet\u00ed ning\u00fan delito y voy a comprobarlo en la Justicia\u00bb"},"content":{"rendered":"\n<p>El jefe de Gabinete,<strong>\u00a0Manuel Adorni<\/strong>, brind\u00f3 este mi\u00e9rcoles su primer informe de gesti\u00f3n ante el Congreso, donde debi\u00f3 responder parte de las m\u00e1s de<strong>\u00a04.800 preguntas<\/strong>\u00a0enviadas por bloques opositores, varias de ellas vinculadas a la causa que lo investiga por presunto\u00a0<strong>enriquecimiento il\u00edcito<\/strong>.<\/p>\n\n\n\n<p id=\"p-1777477460840-83453\">En ese marco, uno de los ejes estuvo puesto en el viaje a Punta del Este que realiz\u00f3 junto a su familia. Ante una consulta espec\u00edfica, desde el oficialismo se\u00f1alaron que el empresario vinculado a ese traslado \u201cno fue contratado por RTA\u201d, en referencia a Radio y Televisi\u00f3n Argentina.<\/p>\n\n\n\n<p id=\"p-1777477460840-4978\">Asimismo, el Gobierno aclar\u00f3 que dicho viaje no fue registrado en el sistema de viajes financiados por terceros. Seg\u00fan argumentaron, el Decreto 1179\/2016 establece que ese registro solo es obligatorio para traslados vinculados a actividades acad\u00e9micas, culturales o conferencias, por lo que el caso no encuadrar\u00eda en esa normativa.<\/p>\n\n\n\n<p id=\"p-1777477460840-62692\">En su defensa, el Ejecutivo sostuvo que Adorni present\u00f3 su declaraci\u00f3n jurada patrimonial y que la Oficina Anticorrupci\u00f3n inform\u00f3 la \u201cinexistencia de conflictos de inter\u00e9s\u201d en la situaci\u00f3n analizada.<\/p>\n\n\n\n<p id=\"p-1777477460840-51087\">Sin embargo, desde la oposici\u00f3n tambi\u00e9n se solicit\u00f3 un detalle de la evoluci\u00f3n patrimonial del funcionario y de su esposa, Bettina Angeletti, as\u00ed como informaci\u00f3n sobre posibles acompa\u00f1antes en viajes oficiales sin roles claros dentro del Estado. La respuesta oficial remiti\u00f3 a los datos publicados en el portal oficial, aunque aclar\u00f3 que los bienes de la c\u00f3nyuge se encuentran en un anexo reservado de car\u00e1cter confidencial.<\/p>\n\n\n\n<p id=\"p-1777477460840-97354\">Uno de los puntos que gener\u00f3 cuestionamientos es que la \u00faltima declaraci\u00f3n disponible corresponde a 2024 y, si bien incluye propiedades en Parque Chacabuco y La Plata, no menciona otros inmuebles se\u00f1alados por la oposici\u00f3n, como un departamento en Caballito y una casa en un country de Exaltaci\u00f3n de la Cruz.<\/p>\n\n\n\n<p id=\"p-1777477460840-17990\">El informe tambi\u00e9n incluy\u00f3 consultas sobre los viajes internacionales del presidente Javier Milei y del propio Adorni, con pedidos de detalle sobre destinos, costos y comitivas. En ese sentido, el Gobierno indic\u00f3 que la participaci\u00f3n de Angeletti en una gira a Nueva York fue en car\u00e1cter de \u201cinvitada de la Presidencia\u201d y que no implic\u00f3 gastos para el Estado.<\/p>\n","protected":false},"excerpt":{"rendered":"<p>El jefe de Gabinete,\u00a0Manuel Adorni, brind\u00f3 este mi\u00e9rcoles su primer informe de gesti\u00f3n ante el Congreso, donde debi\u00f3 responder parte de las m\u00e1s de\u00a04.800 preguntas\u00a0enviadas por bloques opositores, varias de ellas vinculadas a la causa que lo investiga por presunto\u00a0enriquecimiento il\u00edcito. En ese marco, uno de los ejes estuvo puesto en el viaje a Punta &hellip;<\/p>\n","protected":false},"author":2,"featured_media":119494,"comment_status":"open","ping_status":"open","sticky":false,"template":"","format":"standard","meta":{"_jetpack_memberships_contains_paid_content":false,"footnotes":"","jetpack_publicize_message":"","jetpack_publicize_feature_enabled":true,"jetpack_social_post_already_shared":true,"jetpack_social_options":{"image_generator_settings":{"template":"highway","default_image_id":0,"font":"","enabled":false},"version":2}},"categories":[639,14],"tags":[],"class_list":["post-119493","post","type-post","status-publish","format-standard","has-post-thumbnail","hentry","category-argentina","category-politica"],"jetpack_publicize_connections":[],"jetpack_featured_media_url":"https:\/\/portalmovil.com.ar\/wp-content\/uploads\/2026\/04\/adorni-respondio-el-congreso-su-patrimonio-y-el-viaje-punta-del-este-medio-la-investigacion-judicial.jpg","jetpack_sharing_enabled":true,"amp_enabled":true,"_links":{"self":[{"href":"https:\/\/portalmovil.com.ar\/index.php\/wp-json\/wp\/v2\/posts\/119493","targetHints":{"allow":["GET"]}}],"collection":[{"href":"https:\/\/portalmovil.com.ar\/index.php\/wp-json\/wp\/v2\/posts"}],"about":[{"href":"https:\/\/portalmovil.com.ar\/index.php\/wp-json\/wp\/v2\/types\/post"}],"author":[{"embeddable":true,"href":"https:\/\/portalmovil.com.ar\/index.php\/wp-json\/wp\/v2\/users\/2"}],"replies":[{"embeddable":true,"href":"https:\/\/portalmovil.com.ar\/index.php\/wp-json\/wp\/v2\/comments?post=119493"}],"version-history":[{"count":1,"href":"https:\/\/portalmovil.com.ar\/index.php\/wp-json\/wp\/v2\/posts\/119493\/revisions"}],"predecessor-version":[{"id":119495,"href":"https:\/\/portalmovil.com.ar\/index.php\/wp-json\/wp\/v2\/posts\/119493\/revisions\/119495"}],"wp:featuredmedia":[{"embeddable":true,"href":"https:\/\/portalmovil.com.ar\/index.php\/wp-json\/wp\/v2\/media\/119494"}],"wp:attachment":[{"href":"https:\/\/portalmovil.com.ar\/index.php\/wp-json\/wp\/v2\/media?parent=119493"}],"wp:term":[{"taxonomy":"category","embeddable":true,"href":"https:\/\/portalmovil.com.ar\/index.php\/wp-json\/wp\/v2\/categories?post=119493"},{"taxonomy":"post_tag","embeddable":true,"href":"https:\/\/portalmovil.com.ar\/index.php\/wp-json\/wp\/v2\/tags?post=119493"}],"curies":[{"name":"wp","href":"https:\/\/api.w.org\/{rel}","templated":true}]}}