{"id":11949,"date":"2020-08-30T15:57:07","date_gmt":"2020-08-30T18:57:07","guid":{"rendered":"https:\/\/portalmovil.com.ar\/?p=11949"},"modified":"2020-08-30T15:57:11","modified_gmt":"2020-08-30T18:57:11","slug":"chaco-ya-son-211-los-fallecimientos-por-coronavirus","status":"publish","type":"post","link":"https:\/\/portalmovil.com.ar\/index.php\/2020\/08\/30\/chaco-ya-son-211-los-fallecimientos-por-coronavirus\/","title":{"rendered":"Chaco: Ya son 211 los fallecimientos por coronavirus"},"content":{"rendered":"\n<p>El Ministerio de Salud P\u00fablica del Chaco inform\u00f3 que hasta la fecha se registraron 5281 personas de COVID-19, de las cuales 4646 personas ya recibieron el alta cl\u00ednico y se produjeron 211 fallecimientos.<\/p>\n\n\n\n<p>El Ministerio de Salud P\u00fablica de la provincia del Chaco inform\u00f3 que hasta el domingo 30 de agosto de 2020 se registraron 5281 casos positivos de COVID-19, de los cuales 4646 personas ya recibieron el alta m\u00e9dico. Adem\u00e1s en lo que va de la pandemia se reportaron 211 fallecimientos por las complicaciones causadas por el virus SARS-COV2.<\/p>\n\n\n\n<p>Los \u00faltimos 5 decesos reportados corresponden a: 3 mujeres de 42, 59 y 81 a\u00f1os oriundas de las ciudades de Resistencia, Fontana y Barranqueras respectivamente; y 2 hombres de 66 y 67 a\u00f1os, ambos de Resistencia.<\/p>\n\n\n\n<p>Cabe se\u00f1alar que los casos confirmados en el d\u00eda de hoy, son 86 de acuerdo a lo que informa la Direcci\u00f3n de Epidemiolog\u00eda provincial. El n\u00famero total que describimos en este reporte es de 98, ya que se suman 12 casos que fueron recategorizados como positivos por el subsistema privado de salud. El an\u00e1lisis de las muestras que arrojaron estos 12 casos, fueron analizadas por laboratorios privados.<\/p>\n\n\n\n<p>El Ministerio de Salud de la provincia recuerda a la poblaci\u00f3n que la aparici\u00f3n de s\u00edntomas como fiebre, junto con tos, dolor de garganta, p\u00e9rdida del gusto y del olfato v\u00f3mitos, diarrea y dificultad para respirar, pueden ser se\u00f1ales de coronavirus, y deben llamar al 0800-444-0829. Adem\u00e1s, enviando @chaco salud al 011-6273-0000 pueden comunicarse con un operador para informar la situaci\u00f3n y recibir recomendaciones.<\/p>\n\n\n\n<p>Situaci\u00f3n epidemiol\u00f3gica de coronavirus:<\/p>\n\n\n\n<p>Casos totales de COVID-19: 5.281<\/p>\n\n\n\n<p>Confirmados hoy: 86<\/p>\n\n\n\n<p>Personas recuperadas: 4.646<\/p>\n\n\n\n<p>Fallecimientos: 211<\/p>\n\n\n\n<p>Casos activos: 424<\/p>\n\n\n\n<p>Pacientes internados: 64<\/p>\n\n\n\n<p>Pacientes internados en estado grave: 9<\/p>\n\n\n\n<p>Total de muestras analizadas: 34.619<\/p>\n\n\n\n<p>Muestras descartadas: 27.740<\/p>\n\n\n\n<p>Muestras procesadas en la jornada: 599<\/p>\n\n\n\n<p>Casos por localidad: Casos Nuevos &#8211; (Total de casos):<\/p>\n\n\n\n<p>Avia Terai 0 (30)<\/p>\n\n\n\n<p>Barranqueras 10 (349)<\/p>\n\n\n\n<p>Basail 1 (3)<\/p>\n\n\n\n<p>Campo Largo 0 (4)<\/p>\n\n\n\n<p>Capit\u00e1n Solari 0 (1)<\/p>\n\n\n\n<p>Charata 0 (5)<\/p>\n\n\n\n<p>Colonia Aborigen 0 (17)<\/p>\n\n\n\n<p>Colonia Baranda 0 (1)<\/p>\n\n\n\n<p>Colonia Ben\u00edtez 1 (13)<\/p>\n\n\n\n<p>Colonia Elisa 0 (3)<\/p>\n\n\n\n<p>Colonia Popular 0 (1)<\/p>\n\n\n\n<p>El Sauzalito 0 (125)<\/p>\n\n\n\n<p>Fontana 12 (551)<\/p>\n\n\n\n<p>Fuerte Esperanza 0 (1)<\/p>\n\n\n\n<p>Gancedo 0 (8)<\/p>\n\n\n\n<p>General San Mart\u00edn 1 (27)<\/p>\n\n\n\n<p>General Pinedo 0 (4)<\/p>\n\n\n\n<p>General Vedia 0 (1)<\/p>\n\n\n\n<p>Hermoso Campo 0 (12)<\/p>\n\n\n\n<p>Isla del Cerrito 0 (5)<\/p>\n\n\n\n<p>Juan Jos\u00e9 Castelli 6 (88)<\/p>\n\n\n\n<p>La Eduvigis 0 (1)<\/p>\n\n\n\n<p>La Escondida 0 (3)<\/p>\n\n\n\n<p>La Leonesa 0 (31)<\/p>\n\n\n\n<p>La Verde 0 (15)<\/p>\n\n\n\n<p>Lapachito 0 (19)<\/p>\n\n\n\n<p>Las Bre\u00f1as 0 (1)<\/p>\n\n\n\n<p>Las Garcitas 0 (2)<\/p>\n\n\n\n<p>Las Palmas 0 (1)<\/p>\n\n\n\n<p>Los Frentones 0 (4)<\/p>\n\n\n\n<p>Machagai 0 (18)<\/p>\n\n\n\n<p>Makall\u00e9 0 (10)<\/p>\n\n\n\n<p>Margarita Bel\u00e9n 2 (33)<\/p>\n\n\n\n<p>Miraflores 0 (3)<\/p>\n\n\n\n<p>Nueva Pompeya 0 (4)<\/p>\n\n\n\n<p>Pampa del Indio 0 (7)<\/p>\n\n\n\n<p>Pampa del Infierno 0 (7)<\/p>\n\n\n\n<p>Presidencia de la Plaza 0 (21)<\/p>\n\n\n\n<p>Presidencia Roca 0 (1)<\/p>\n\n\n\n<p>S\u00e1enz Pe\u00f1a 10 (290)<\/p>\n\n\n\n<p>Puerto Bermejo 0 (8)<\/p>\n\n\n\n<p>Puerto Eva Per\u00f3n 0 (2)<\/p>\n\n\n\n<p>Puerto Tirol 0 (93)<\/p>\n\n\n\n<p>Puerto Vilelas 0 (147)<\/p>\n\n\n\n<p>Quitilipi 0 (17)<\/p>\n\n\n\n<p>Resistencia 54 (2961)<\/p>\n\n\n\n<p>R\u00edo Muerto 0 (1)<\/p>\n\n\n\n<p>Taco Pozo 0 (15)<\/p>\n\n\n\n<p>Tres Isletas 0 (282)<\/p>\n\n\n\n<p>Villa \u00c1ngela 0 (3)<\/p>\n\n\n\n<p>Villa Berthet 0 (2)<\/p>\n\n\n\n<p>Villa R\u00edo Bermejito 0 (2)<\/p>\n\n\n\n<p>Wichi El Pintado 0 (1)<\/p>\n\n\n\n<p>Otras localidades del pa\u00eds 1 (27)<\/p>\n","protected":false},"excerpt":{"rendered":"<p>El Ministerio de Salud P\u00fablica del Chaco inform\u00f3 que hasta la fecha se registraron 5281 personas de COVID-19, de las cuales 4646 personas ya recibieron el alta cl\u00ednico y se produjeron 211 fallecimientos. El Ministerio de Salud P\u00fablica de la provincia del Chaco inform\u00f3 que hasta el domingo 30 de agosto de 2020 se registraron &hellip;<\/p>\n","protected":false},"author":2,"featured_media":7168,"comment_status":"open","ping_status":"open","sticky":false,"template":"","format":"standard","meta":{"_jetpack_memberships_contains_paid_content":false,"footnotes":"","jetpack_publicize_message":"","jetpack_publicize_feature_enabled":true,"jetpack_social_post_already_shared":true,"jetpack_social_options":{"image_generator_settings":{"template":"highway","default_image_id":0,"font":"","enabled":false},"version":2}},"categories":[5,46,12],"tags":[],"class_list":["post-11949","post","type-post","status-publish","format-standard","has-post-thumbnail","hentry","category-chaco","category-salud","category-ultimo"],"jetpack_publicize_connections":[],"jetpack_featured_media_url":"https:\/\/portalmovil.com.ar\/wp-content\/uploads\/2020\/06\/101697036_2554198864822113_9183316145355096064_n-1.gif","jetpack_sharing_enabled":true,"amp_enabled":true,"_links":{"self":[{"href":"https:\/\/portalmovil.com.ar\/index.php\/wp-json\/wp\/v2\/posts\/11949","targetHints":{"allow":["GET"]}}],"collection":[{"href":"https:\/\/portalmovil.com.ar\/index.php\/wp-json\/wp\/v2\/posts"}],"about":[{"href":"https:\/\/portalmovil.com.ar\/index.php\/wp-json\/wp\/v2\/types\/post"}],"author":[{"embeddable":true,"href":"https:\/\/portalmovil.com.ar\/index.php\/wp-json\/wp\/v2\/users\/2"}],"replies":[{"embeddable":true,"href":"https:\/\/portalmovil.com.ar\/index.php\/wp-json\/wp\/v2\/comments?post=11949"}],"version-history":[{"count":1,"href":"https:\/\/portalmovil.com.ar\/index.php\/wp-json\/wp\/v2\/posts\/11949\/revisions"}],"predecessor-version":[{"id":11950,"href":"https:\/\/portalmovil.com.ar\/index.php\/wp-json\/wp\/v2\/posts\/11949\/revisions\/11950"}],"wp:featuredmedia":[{"embeddable":true,"href":"https:\/\/portalmovil.com.ar\/index.php\/wp-json\/wp\/v2\/media\/7168"}],"wp:attachment":[{"href":"https:\/\/portalmovil.com.ar\/index.php\/wp-json\/wp\/v2\/media?parent=11949"}],"wp:term":[{"taxonomy":"category","embeddable":true,"href":"https:\/\/portalmovil.com.ar\/index.php\/wp-json\/wp\/v2\/categories?post=11949"},{"taxonomy":"post_tag","embeddable":true,"href":"https:\/\/portalmovil.com.ar\/index.php\/wp-json\/wp\/v2\/tags?post=11949"}],"curies":[{"name":"wp","href":"https:\/\/api.w.org\/{rel}","templated":true}]}}