{"id":119474,"date":"2026-04-28T16:01:59","date_gmt":"2026-04-28T19:01:59","guid":{"rendered":"https:\/\/portalmovil.com.ar\/?p=119474"},"modified":"2026-04-28T16:02:00","modified_gmt":"2026-04-28T19:02:00","slug":"cayo-en-la-terminal-de-resistencia-un-profugo-buscado-a-nivel-internacional","status":"publish","type":"post","link":"https:\/\/portalmovil.com.ar\/index.php\/2026\/04\/28\/cayo-en-la-terminal-de-resistencia-un-profugo-buscado-a-nivel-internacional\/","title":{"rendered":"Cay\u00f3 en la terminal de Resistencia un pr\u00f3fugo buscado a nivel internacional"},"content":{"rendered":"\n<p>Un hombre con pedido de captura internacional de Interpol por una causa de robo agravado, hurto de veh\u00edculo y portaci\u00f3n de arma de fuego fue atrapado este martes por la ma\u00f1ana en&nbsp;la terminal de \u00f3mnibus de Resistencia por la Polic\u00eda Federal Argentina.<\/p>\n\n\n\n<p>Seg\u00fan el parte oficial, la informaci\u00f3n indicaba que el sospechoso arribar\u00eda a la capital chaque\u00f1a a bordo de un micro de larga distancia proveniente de la provincia de C\u00f3rdoba, por lo que se mont\u00f3 un operativo discreto de vigilancia y control en la terminal.<\/p>\n\n\n\n<p>Tras varias horas de seguimiento, los agentes lograron individualizar al hombre apenas descendi\u00f3 del colectivo y concretaron su detenci\u00f3n en el lugar, sin que se registraran incidentes.<\/p>\n\n\n\n<p>El procedimiento fue realizado por efectivos de la Divisi\u00f3n Unidad Operativa Federal Resistencia, luego de una alerta emitida por la oficina Retiro, dependiente de la Divisi\u00f3n Prevenci\u00f3n Delictiva Internacional de la fuerza federal.<\/p>\n\n\n\n<p>El detenido ten\u00eda una orden de captura por los delitos de \u00abrobo agravado por el uso de arma y en banda; por cometerse en lugar poblado, en concurso real con hurto de veh\u00edculo y portaci\u00f3n de arma de fuego\u00bb, a requerimiento de la Fiscal\u00eda Regional N\u00b0 4 de Reconquista, Unidad Fiscal Las Toscas, a cargo del fiscal Juan Carlos Koguc.<\/p>\n\n\n\n<p>De acuerdo con la investigaci\u00f3n, el hombre estar\u00eda vinculado a un hecho ocurrido el 4 de marzo de este a\u00f1o en la localidad santafesina de Villa Guillermina, donde cuatro hombres ingresaron por la fuerza a una vivienda con fines de robo y lograron sustraer una importante suma de dinero.<\/p>\n\n\n\n<p>Tras su captura, el acusado qued\u00f3 alojado en la sede de la Polic\u00eda Federal Argentina en Resistencia, a disposici\u00f3n de la Justicia interviniente, que definir\u00e1 los pr\u00f3ximos pasos procesales.<\/p>\n","protected":false},"excerpt":{"rendered":"<p>Un hombre con pedido de captura internacional de Interpol por una causa de robo agravado, hurto de veh\u00edculo y portaci\u00f3n de arma de fuego fue atrapado este martes por la ma\u00f1ana en&nbsp;la terminal de \u00f3mnibus de Resistencia por la Polic\u00eda Federal Argentina. Seg\u00fan el parte oficial, la informaci\u00f3n indicaba que el sospechoso arribar\u00eda a la &hellip;<\/p>\n","protected":false},"author":2,"featured_media":119475,"comment_status":"open","ping_status":"open","sticky":false,"template":"","format":"standard","meta":{"_jetpack_memberships_contains_paid_content":false,"footnotes":"","jetpack_publicize_message":"","jetpack_publicize_feature_enabled":true,"jetpack_social_post_already_shared":true,"jetpack_social_options":{"image_generator_settings":{"template":"highway","default_image_id":0,"font":"","enabled":false},"version":2}},"categories":[5,50],"tags":[],"class_list":["post-119474","post","type-post","status-publish","format-standard","has-post-thumbnail","hentry","category-chaco","category-judiciales"],"jetpack_publicize_connections":[],"jetpack_featured_media_url":"https:\/\/portalmovil.com.ar\/wp-content\/uploads\/2026\/04\/662031w480h356c.jpg.webp","jetpack_sharing_enabled":true,"amp_enabled":true,"_links":{"self":[{"href":"https:\/\/portalmovil.com.ar\/index.php\/wp-json\/wp\/v2\/posts\/119474","targetHints":{"allow":["GET"]}}],"collection":[{"href":"https:\/\/portalmovil.com.ar\/index.php\/wp-json\/wp\/v2\/posts"}],"about":[{"href":"https:\/\/portalmovil.com.ar\/index.php\/wp-json\/wp\/v2\/types\/post"}],"author":[{"embeddable":true,"href":"https:\/\/portalmovil.com.ar\/index.php\/wp-json\/wp\/v2\/users\/2"}],"replies":[{"embeddable":true,"href":"https:\/\/portalmovil.com.ar\/index.php\/wp-json\/wp\/v2\/comments?post=119474"}],"version-history":[{"count":1,"href":"https:\/\/portalmovil.com.ar\/index.php\/wp-json\/wp\/v2\/posts\/119474\/revisions"}],"predecessor-version":[{"id":119476,"href":"https:\/\/portalmovil.com.ar\/index.php\/wp-json\/wp\/v2\/posts\/119474\/revisions\/119476"}],"wp:featuredmedia":[{"embeddable":true,"href":"https:\/\/portalmovil.com.ar\/index.php\/wp-json\/wp\/v2\/media\/119475"}],"wp:attachment":[{"href":"https:\/\/portalmovil.com.ar\/index.php\/wp-json\/wp\/v2\/media?parent=119474"}],"wp:term":[{"taxonomy":"category","embeddable":true,"href":"https:\/\/portalmovil.com.ar\/index.php\/wp-json\/wp\/v2\/categories?post=119474"},{"taxonomy":"post_tag","embeddable":true,"href":"https:\/\/portalmovil.com.ar\/index.php\/wp-json\/wp\/v2\/tags?post=119474"}],"curies":[{"name":"wp","href":"https:\/\/api.w.org\/{rel}","templated":true}]}}