{"id":119471,"date":"2026-04-28T14:02:01","date_gmt":"2026-04-28T17:02:01","guid":{"rendered":"https:\/\/portalmovil.com.ar\/?p=119471"},"modified":"2026-04-28T14:02:02","modified_gmt":"2026-04-28T17:02:02","slug":"vargas-promueve-una-encuesta-sobre-las-paso","status":"publish","type":"post","link":"https:\/\/portalmovil.com.ar\/index.php\/2026\/04\/28\/vargas-promueve-una-encuesta-sobre-las-paso\/","title":{"rendered":"Vargas promueve una encuesta sobre las PASO"},"content":{"rendered":"\n<p>El diputado provincial Samuel Vargas impulsa un relevamiento ciudadano en Resistencia, S\u00e1enz Pe\u00f1a, Villa \u00c1ngela y otras localidades para conocer la opini\u00f3n sobre las PASO. La iniciativa busca recoger percepciones sobre el sistema electoral y su impacto econ\u00f3mico, en medio del debate sobre su continuidad.<\/p>\n\n\n\n<p><br>Aunque Vargas se manifest\u00f3 en contra de las PASO por su costo estimado y el desgaste electoral, afirm\u00f3 que el objetivo principal es escuchar a la ciudadan\u00eda y aportar datos concretos al debate p\u00fablico. Los resultados ser\u00e1n publicados para contribuir a una discusi\u00f3n m\u00e1s transparente.<\/p>\n","protected":false},"excerpt":{"rendered":"<p>El diputado provincial Samuel Vargas impulsa un relevamiento ciudadano en Resistencia, S\u00e1enz Pe\u00f1a, Villa \u00c1ngela y otras localidades para conocer la opini\u00f3n sobre las PASO. La iniciativa busca recoger percepciones sobre el sistema electoral y su impacto econ\u00f3mico, en medio del debate sobre su continuidad. Aunque Vargas se manifest\u00f3 en contra de las PASO por &hellip;<\/p>\n","protected":false},"author":2,"featured_media":119472,"comment_status":"open","ping_status":"open","sticky":false,"template":"","format":"standard","meta":{"_jetpack_memberships_contains_paid_content":false,"footnotes":"","jetpack_publicize_message":"","jetpack_publicize_feature_enabled":true,"jetpack_social_post_already_shared":true,"jetpack_social_options":{"image_generator_settings":{"template":"highway","default_image_id":0,"font":"","enabled":false},"version":2}},"categories":[5,14],"tags":[],"class_list":["post-119471","post","type-post","status-publish","format-standard","has-post-thumbnail","hentry","category-chaco","category-politica"],"jetpack_publicize_connections":[],"jetpack_featured_media_url":"https:\/\/portalmovil.com.ar\/wp-content\/uploads\/2026\/04\/IMG-20260428-WA0025.jpg","jetpack_sharing_enabled":true,"amp_enabled":true,"_links":{"self":[{"href":"https:\/\/portalmovil.com.ar\/index.php\/wp-json\/wp\/v2\/posts\/119471","targetHints":{"allow":["GET"]}}],"collection":[{"href":"https:\/\/portalmovil.com.ar\/index.php\/wp-json\/wp\/v2\/posts"}],"about":[{"href":"https:\/\/portalmovil.com.ar\/index.php\/wp-json\/wp\/v2\/types\/post"}],"author":[{"embeddable":true,"href":"https:\/\/portalmovil.com.ar\/index.php\/wp-json\/wp\/v2\/users\/2"}],"replies":[{"embeddable":true,"href":"https:\/\/portalmovil.com.ar\/index.php\/wp-json\/wp\/v2\/comments?post=119471"}],"version-history":[{"count":1,"href":"https:\/\/portalmovil.com.ar\/index.php\/wp-json\/wp\/v2\/posts\/119471\/revisions"}],"predecessor-version":[{"id":119473,"href":"https:\/\/portalmovil.com.ar\/index.php\/wp-json\/wp\/v2\/posts\/119471\/revisions\/119473"}],"wp:featuredmedia":[{"embeddable":true,"href":"https:\/\/portalmovil.com.ar\/index.php\/wp-json\/wp\/v2\/media\/119472"}],"wp:attachment":[{"href":"https:\/\/portalmovil.com.ar\/index.php\/wp-json\/wp\/v2\/media?parent=119471"}],"wp:term":[{"taxonomy":"category","embeddable":true,"href":"https:\/\/portalmovil.com.ar\/index.php\/wp-json\/wp\/v2\/categories?post=119471"},{"taxonomy":"post_tag","embeddable":true,"href":"https:\/\/portalmovil.com.ar\/index.php\/wp-json\/wp\/v2\/tags?post=119471"}],"curies":[{"name":"wp","href":"https:\/\/api.w.org\/{rel}","templated":true}]}}