{"id":119457,"date":"2026-04-27T21:59:58","date_gmt":"2026-04-28T00:59:58","guid":{"rendered":"https:\/\/portalmovil.com.ar\/?p=119457"},"modified":"2026-04-27T21:59:59","modified_gmt":"2026-04-28T00:59:59","slug":"amenazas-escolares-proponen-que-las-familias-afronten-los-costos-de-los-operativos-policiales","status":"publish","type":"post","link":"https:\/\/portalmovil.com.ar\/index.php\/2026\/04\/27\/amenazas-escolares-proponen-que-las-familias-afronten-los-costos-de-los-operativos-policiales\/","title":{"rendered":"Amenazas escolares: proponen que las familias afronten los costos de los operativos policiales"},"content":{"rendered":"\n<p>El fiscal V\u00edctor Recio, a cargo del Equipo Fiscal N\u00b0 13, especializado en Delitos Inform\u00e1ticos, citar\u00e1 en los pr\u00f3ximos d\u00edas a los padres de los adolescentes demorados y a los de aquellos cuyos domicilios fueron allanados en el marco de la investigaci\u00f3n por las amenazas a escuelas del Chaco. El objetivo de la convocatoria es comunicarles cu\u00e1les son las eventuales consecuencias legales que pueden recaer sobre los tutores por las conductas de los menores a su cargo.<\/p>\n\n\n\n<p>Entre las posibilidades que maneja la Fiscal\u00eda, seg\u00fan pudo saber N9, figura la de imponerles a las familias el pago del costo de los procedimientos policiales activados por cada amenaza. Se trata de un mecanismo que ya rige en otras provincias del pa\u00eds, donde los responsables de los menores deben afrontar los gastos de los operativos antibomba, los despliegues preventivos y la intervenci\u00f3n de unidades especiales cuando el aviso resulta falso o cuando los autores son individualizados.<\/p>\n\n\n\n<p>La medida se inscribe en el avance de las causas por intimidaci\u00f3n p\u00fablica, prevista en el art\u00edculo 211 del C\u00f3digo Penal, que ya tienen a varios adolescentes imputados luego de los allanamientos realizados en Resistencia, Barranqueras, Fontana, General Pinedo y Villa \u00c1ngela. En esos procedimientos, la Polic\u00eda secuestr\u00f3 tel\u00e9fonos celulares, dispositivos electr\u00f3nicos y, en algunos casos, armas y elementos de inter\u00e9s para la pesquisa.<\/p>\n\n\n\n<p>Seg\u00fan el \u00faltimo informe oficial de la Polic\u00eda del Chaco, son 153 los establecimientos educativos que registraron amenazas en toda la provincia: 81 en el \u00e1rea metropolitana y 72 en el interior. La mayor\u00eda se difundi\u00f3 a trav\u00e9s de redes sociales y aplicaciones de mensajer\u00eda, lo que deriv\u00f3 en la activaci\u00f3n de protocolos de seguridad, refuerzos policiales y restricciones en el ingreso a las aulas.<\/p>\n\n\n\n<p>La Fiscal\u00eda N\u00b0 13 trabaja con las \u00e1reas de Ciberdelitos y Cibercrimen para rastrear el origen de las publicaciones y reconstruir c\u00f3mo se replicaron entre los grupos de chat. En paralelo, los Juzgados de Ni\u00f1ez, Adolescencia y Familia Penal coordinan la situaci\u00f3n procesal de los adolescentes identificados, en funci\u00f3n de su edad y del tipo de intervenci\u00f3n que cada caso amerita.<\/p>\n","protected":false},"excerpt":{"rendered":"<p>El fiscal V\u00edctor Recio, a cargo del Equipo Fiscal N\u00b0 13, especializado en Delitos Inform\u00e1ticos, citar\u00e1 en los pr\u00f3ximos d\u00edas a los padres de los adolescentes demorados y a los de aquellos cuyos domicilios fueron allanados en el marco de la investigaci\u00f3n por las amenazas a escuelas del Chaco. El objetivo de la convocatoria es &hellip;<\/p>\n","protected":false},"author":2,"featured_media":119458,"comment_status":"open","ping_status":"open","sticky":false,"template":"","format":"standard","meta":{"_jetpack_memberships_contains_paid_content":false,"footnotes":"","jetpack_publicize_message":"","jetpack_publicize_feature_enabled":true,"jetpack_social_post_already_shared":true,"jetpack_social_options":{"image_generator_settings":{"template":"highway","default_image_id":0,"font":"","enabled":false},"version":2}},"categories":[5,50],"tags":[],"class_list":["post-119457","post","type-post","status-publish","format-standard","has-post-thumbnail","hentry","category-chaco","category-judiciales"],"jetpack_publicize_connections":[],"jetpack_featured_media_url":"https:\/\/portalmovil.com.ar\/wp-content\/uploads\/2026\/04\/l_1776954596_57579.webp","jetpack_sharing_enabled":true,"amp_enabled":true,"_links":{"self":[{"href":"https:\/\/portalmovil.com.ar\/index.php\/wp-json\/wp\/v2\/posts\/119457","targetHints":{"allow":["GET"]}}],"collection":[{"href":"https:\/\/portalmovil.com.ar\/index.php\/wp-json\/wp\/v2\/posts"}],"about":[{"href":"https:\/\/portalmovil.com.ar\/index.php\/wp-json\/wp\/v2\/types\/post"}],"author":[{"embeddable":true,"href":"https:\/\/portalmovil.com.ar\/index.php\/wp-json\/wp\/v2\/users\/2"}],"replies":[{"embeddable":true,"href":"https:\/\/portalmovil.com.ar\/index.php\/wp-json\/wp\/v2\/comments?post=119457"}],"version-history":[{"count":1,"href":"https:\/\/portalmovil.com.ar\/index.php\/wp-json\/wp\/v2\/posts\/119457\/revisions"}],"predecessor-version":[{"id":119459,"href":"https:\/\/portalmovil.com.ar\/index.php\/wp-json\/wp\/v2\/posts\/119457\/revisions\/119459"}],"wp:featuredmedia":[{"embeddable":true,"href":"https:\/\/portalmovil.com.ar\/index.php\/wp-json\/wp\/v2\/media\/119458"}],"wp:attachment":[{"href":"https:\/\/portalmovil.com.ar\/index.php\/wp-json\/wp\/v2\/media?parent=119457"}],"wp:term":[{"taxonomy":"category","embeddable":true,"href":"https:\/\/portalmovil.com.ar\/index.php\/wp-json\/wp\/v2\/categories?post=119457"},{"taxonomy":"post_tag","embeddable":true,"href":"https:\/\/portalmovil.com.ar\/index.php\/wp-json\/wp\/v2\/tags?post=119457"}],"curies":[{"name":"wp","href":"https:\/\/api.w.org\/{rel}","templated":true}]}}