{"id":119454,"date":"2026-04-27T21:14:49","date_gmt":"2026-04-28T00:14:49","guid":{"rendered":"https:\/\/portalmovil.com.ar\/?p=119454"},"modified":"2026-04-27T21:14:51","modified_gmt":"2026-04-28T00:14:51","slug":"fue-con-su-hija-al-pediatrico-y-descubrieron-que-estaba-embarazada-quedo-detenida","status":"publish","type":"post","link":"https:\/\/portalmovil.com.ar\/index.php\/2026\/04\/27\/fue-con-su-hija-al-pediatrico-y-descubrieron-que-estaba-embarazada-quedo-detenida\/","title":{"rendered":"Fue con su hija al Pedi\u00e1trico y descubrieron que estaba embarazada: qued\u00f3 detenida"},"content":{"rendered":"\n<p>Este domingo, una mujer de 30 a\u00f1os llev\u00f3 a su hija de 12 al Hospital Pedi\u00e1trico Doctor Avelino Castell\u00e1n por un caso de \u201csupuesto abuso\u201d, pero la ni\u00f1a dio a luz y qued\u00f3 internada en el hospital. Esta tarde, el Equipo Fiscal N\u00b06 orden\u00f3 la aprehensi\u00f3n de la madre bajo la causa de \u201csupuesto encubrimiento agravado\u201d.<\/p>\n\n\n\n<p>Los agentes de la divisi\u00f3n Polic\u00eda Sanitaria cumplieron la orden y aprehendieron a la mujer de 30 a\u00f1os. Por su parte, la ni\u00f1a sigue internada en el pedi\u00e1trico de Resistencia.<\/p>\n\n\n\n<p><\/p>\n","protected":false},"excerpt":{"rendered":"<p>Este domingo, una mujer de 30 a\u00f1os llev\u00f3 a su hija de 12 al Hospital Pedi\u00e1trico Doctor Avelino Castell\u00e1n por un caso de \u201csupuesto abuso\u201d, pero la ni\u00f1a dio a luz y qued\u00f3 internada en el hospital. Esta tarde, el Equipo Fiscal N\u00b06 orden\u00f3 la aprehensi\u00f3n de la madre bajo la causa de \u201csupuesto encubrimiento &hellip;<\/p>\n","protected":false},"author":2,"featured_media":119455,"comment_status":"open","ping_status":"open","sticky":false,"template":"","format":"standard","meta":{"_jetpack_memberships_contains_paid_content":false,"footnotes":"","jetpack_publicize_message":"","jetpack_publicize_feature_enabled":true,"jetpack_social_post_already_shared":true,"jetpack_social_options":{"image_generator_settings":{"template":"highway","default_image_id":0,"font":"","enabled":false},"version":2}},"categories":[5,8],"tags":[],"class_list":["post-119454","post","type-post","status-publish","format-standard","has-post-thumbnail","hentry","category-chaco","category-policiales"],"jetpack_publicize_connections":[],"jetpack_featured_media_url":"https:\/\/portalmovil.com.ar\/wp-content\/uploads\/2026\/04\/IMG-20260427-WA0072.jpg","jetpack_sharing_enabled":true,"amp_enabled":true,"_links":{"self":[{"href":"https:\/\/portalmovil.com.ar\/index.php\/wp-json\/wp\/v2\/posts\/119454","targetHints":{"allow":["GET"]}}],"collection":[{"href":"https:\/\/portalmovil.com.ar\/index.php\/wp-json\/wp\/v2\/posts"}],"about":[{"href":"https:\/\/portalmovil.com.ar\/index.php\/wp-json\/wp\/v2\/types\/post"}],"author":[{"embeddable":true,"href":"https:\/\/portalmovil.com.ar\/index.php\/wp-json\/wp\/v2\/users\/2"}],"replies":[{"embeddable":true,"href":"https:\/\/portalmovil.com.ar\/index.php\/wp-json\/wp\/v2\/comments?post=119454"}],"version-history":[{"count":1,"href":"https:\/\/portalmovil.com.ar\/index.php\/wp-json\/wp\/v2\/posts\/119454\/revisions"}],"predecessor-version":[{"id":119456,"href":"https:\/\/portalmovil.com.ar\/index.php\/wp-json\/wp\/v2\/posts\/119454\/revisions\/119456"}],"wp:featuredmedia":[{"embeddable":true,"href":"https:\/\/portalmovil.com.ar\/index.php\/wp-json\/wp\/v2\/media\/119455"}],"wp:attachment":[{"href":"https:\/\/portalmovil.com.ar\/index.php\/wp-json\/wp\/v2\/media?parent=119454"}],"wp:term":[{"taxonomy":"category","embeddable":true,"href":"https:\/\/portalmovil.com.ar\/index.php\/wp-json\/wp\/v2\/categories?post=119454"},{"taxonomy":"post_tag","embeddable":true,"href":"https:\/\/portalmovil.com.ar\/index.php\/wp-json\/wp\/v2\/tags?post=119454"}],"curies":[{"name":"wp","href":"https:\/\/api.w.org\/{rel}","templated":true}]}}