{"id":119430,"date":"2026-04-27T14:09:59","date_gmt":"2026-04-27T17:09:59","guid":{"rendered":"https:\/\/portalmovil.com.ar\/?p=119430"},"modified":"2026-04-27T14:10:00","modified_gmt":"2026-04-27T17:10:00","slug":"aradas-el-pj-no-acompano-la-ficha-limpia-en-resistencia","status":"publish","type":"post","link":"https:\/\/portalmovil.com.ar\/index.php\/2026\/04\/27\/aradas-el-pj-no-acompano-la-ficha-limpia-en-resistencia\/","title":{"rendered":"Aradas: \u201cEl PJ no acompa\u00f1\u00f3 la Ficha Limpia en Resistencia\u201d"},"content":{"rendered":"\n<p>El presidente del Concejo Municipal de Resistencia, Alejandro Aradas se refiri\u00f3 al proyecto de Ficha Limpia, que en los pr\u00f3ximos d\u00edas ser\u00e1 debatido en el Congreso de la Naci\u00f3n. En ese marco, record\u00f3 que ese debate se dio tambi\u00e9n en el \u00e1mbito municipal y que Resistencia logr\u00f3 avanzar con una normativa propia en la materia.<\/p>\n\n\n\n<p>\u00abNosotros dimos esa discusi\u00f3n en el Municipio y logramos establecer Ficha Limpia en Resistencia. No fue como quer\u00edamos, pero fue una se\u00f1al clara de que no pueden ocupar cargos p\u00fablicos dirigentes que tengan procesos judiciales por corrupci\u00f3n u otros delitos\u00bb, expres\u00f3.<\/p>\n\n\n\n<p>Asimismo, el funcionario remarc\u00f3 que, en caso de convertirse en ley nacional, Chaco \u00abdeber\u00eda adherir de manera inmediata\u00bb, al considerar que se trata de una \u00abherramienta fundamental para poner un l\u00edmite a quienes acceden a cargos pol\u00edticos con el \u00fanico objetivo de obtener beneficios personales. Ficha Limpia es un freno para los corruptos que ingresan a la pol\u00edtica para sacar provecho de los cargos\u00bb.<\/p>\n\n\n\n<p>Por otra parte, Aradas rememor\u00f3 que cuando el Concejo avanz\u00f3 con la ordenanza de Ficha Limpia, el bloque del Partido Justicialista no acompa\u00f1\u00f3 la iniciativa. \u00abEsa actitud los muestra de cuerpo entero: quieren seguir sin Ficha Limpia para esconderse en los vericuetos legales y en un sistema permisivo que hoy permite que personas cuestionadas accedan a cargos p\u00fablicos\u00bb, asever\u00f3.<\/p>\n\n\n\n<p>Finalmente, el titular del Concejo insisti\u00f3 en que \u00abla transparencia y la \u00e9tica deben ser condiciones b\u00e1sicas para ejercer la funci\u00f3n p\u00fablica, y que Ficha Limpia es una demanda leg\u00edtima de la sociedad que la pol\u00edtica no puede seguir postergando\u00bb.<\/p>\n","protected":false},"excerpt":{"rendered":"<p>El presidente del Concejo Municipal de Resistencia, Alejandro Aradas se refiri\u00f3 al proyecto de Ficha Limpia, que en los pr\u00f3ximos d\u00edas ser\u00e1 debatido en el Congreso de la Naci\u00f3n. En ese marco, record\u00f3 que ese debate se dio tambi\u00e9n en el \u00e1mbito municipal y que Resistencia logr\u00f3 avanzar con una normativa propia en la materia. &hellip;<\/p>\n","protected":false},"author":2,"featured_media":119431,"comment_status":"open","ping_status":"open","sticky":false,"template":"","format":"standard","meta":{"_jetpack_memberships_contains_paid_content":false,"footnotes":"","jetpack_publicize_message":"","jetpack_publicize_feature_enabled":true,"jetpack_social_post_already_shared":true,"jetpack_social_options":{"image_generator_settings":{"template":"highway","default_image_id":0,"font":"","enabled":false},"version":2}},"categories":[14,37],"tags":[],"class_list":["post-119430","post","type-post","status-publish","format-standard","has-post-thumbnail","hentry","category-politica","category-resistencia"],"jetpack_publicize_connections":[],"jetpack_featured_media_url":"https:\/\/portalmovil.com.ar\/wp-content\/uploads\/2026\/04\/661911w480h386c.jpg.webp","jetpack_sharing_enabled":true,"amp_enabled":true,"_links":{"self":[{"href":"https:\/\/portalmovil.com.ar\/index.php\/wp-json\/wp\/v2\/posts\/119430","targetHints":{"allow":["GET"]}}],"collection":[{"href":"https:\/\/portalmovil.com.ar\/index.php\/wp-json\/wp\/v2\/posts"}],"about":[{"href":"https:\/\/portalmovil.com.ar\/index.php\/wp-json\/wp\/v2\/types\/post"}],"author":[{"embeddable":true,"href":"https:\/\/portalmovil.com.ar\/index.php\/wp-json\/wp\/v2\/users\/2"}],"replies":[{"embeddable":true,"href":"https:\/\/portalmovil.com.ar\/index.php\/wp-json\/wp\/v2\/comments?post=119430"}],"version-history":[{"count":1,"href":"https:\/\/portalmovil.com.ar\/index.php\/wp-json\/wp\/v2\/posts\/119430\/revisions"}],"predecessor-version":[{"id":119432,"href":"https:\/\/portalmovil.com.ar\/index.php\/wp-json\/wp\/v2\/posts\/119430\/revisions\/119432"}],"wp:featuredmedia":[{"embeddable":true,"href":"https:\/\/portalmovil.com.ar\/index.php\/wp-json\/wp\/v2\/media\/119431"}],"wp:attachment":[{"href":"https:\/\/portalmovil.com.ar\/index.php\/wp-json\/wp\/v2\/media?parent=119430"}],"wp:term":[{"taxonomy":"category","embeddable":true,"href":"https:\/\/portalmovil.com.ar\/index.php\/wp-json\/wp\/v2\/categories?post=119430"},{"taxonomy":"post_tag","embeddable":true,"href":"https:\/\/portalmovil.com.ar\/index.php\/wp-json\/wp\/v2\/tags?post=119430"}],"curies":[{"name":"wp","href":"https:\/\/api.w.org\/{rel}","templated":true}]}}