{"id":119423,"date":"2026-04-27T11:06:29","date_gmt":"2026-04-27T14:06:29","guid":{"rendered":"https:\/\/portalmovil.com.ar\/?p=119423"},"modified":"2026-04-27T11:06:31","modified_gmt":"2026-04-27T14:06:31","slug":"zdero-se-reunio-con-el-embajador-de-la-union-europea","status":"publish","type":"post","link":"https:\/\/portalmovil.com.ar\/index.php\/2026\/04\/27\/zdero-se-reunio-con-el-embajador-de-la-union-europea\/","title":{"rendered":"Zdero se reuni\u00f3 con el Embajador de la Uni\u00f3n Europea"},"content":{"rendered":"\n<p>En Buenos Aires, el gobernador Leandro Zdero, acompa\u00f1ado por el presidente de la Agencia de Inversiones Chaco, Mart\u00edn Poccard, mantuvieron un encuentro con Erik H\u00f8eg, Embajador de la Uni\u00f3n Europea, lo que implica especial importancia ante la inminente entrada en vigencia, a partir del 1\u00b0 de mayo, del Acuerdo entre la Uni\u00f3n Europea y el Mercosur.<\/p>\n\n\n\n<p>La reuni\u00f3n dio continuidad a la agenda internacional iniciada durante la visita institucional del mandatario provincial a la sede en Bruselas, reafirmando el compromiso del Chaco de consolidar su inserci\u00f3n en los mercados globales. Este tratado abre un escenario de oportunidades para potenciar las exportaciones chaque\u00f1as y fortalecer los v\u00ednculos comerciales con uno de los principales bloques econ\u00f3micos del mundo.<\/p>\n\n\n\n<p>Durante la jornada se abordaron ejes estrat\u00e9gicos claves para el desarrollo provincial. En materia de infraestructura, se plante\u00f3 posicionar al Chaco como nodo log\u00edstico regional del Norte Grande y del Cono Sur, aprovechando su ubicaci\u00f3n estrat\u00e9gica y capacidad para el flujo comercial hacia Europa.<\/p>\n","protected":false},"excerpt":{"rendered":"<p>En Buenos Aires, el gobernador Leandro Zdero, acompa\u00f1ado por el presidente de la Agencia de Inversiones Chaco, Mart\u00edn Poccard, mantuvieron un encuentro con Erik H\u00f8eg, Embajador de la Uni\u00f3n Europea, lo que implica especial importancia ante la inminente entrada en vigencia, a partir del 1\u00b0 de mayo, del Acuerdo entre la Uni\u00f3n Europea y el &hellip;<\/p>\n","protected":false},"author":2,"featured_media":119424,"comment_status":"open","ping_status":"open","sticky":false,"template":"","format":"standard","meta":{"_jetpack_memberships_contains_paid_content":false,"footnotes":"","jetpack_publicize_message":"","jetpack_publicize_feature_enabled":true,"jetpack_social_post_already_shared":true,"jetpack_social_options":{"image_generator_settings":{"template":"highway","default_image_id":0,"font":"","enabled":false},"version":2}},"categories":[5,14],"tags":[],"class_list":["post-119423","post","type-post","status-publish","format-standard","has-post-thumbnail","hentry","category-chaco","category-politica"],"jetpack_publicize_connections":[],"jetpack_featured_media_url":"https:\/\/portalmovil.com.ar\/wp-content\/uploads\/2026\/04\/FB_IMG_1777297854443.jpg","jetpack_sharing_enabled":true,"amp_enabled":true,"_links":{"self":[{"href":"https:\/\/portalmovil.com.ar\/index.php\/wp-json\/wp\/v2\/posts\/119423","targetHints":{"allow":["GET"]}}],"collection":[{"href":"https:\/\/portalmovil.com.ar\/index.php\/wp-json\/wp\/v2\/posts"}],"about":[{"href":"https:\/\/portalmovil.com.ar\/index.php\/wp-json\/wp\/v2\/types\/post"}],"author":[{"embeddable":true,"href":"https:\/\/portalmovil.com.ar\/index.php\/wp-json\/wp\/v2\/users\/2"}],"replies":[{"embeddable":true,"href":"https:\/\/portalmovil.com.ar\/index.php\/wp-json\/wp\/v2\/comments?post=119423"}],"version-history":[{"count":1,"href":"https:\/\/portalmovil.com.ar\/index.php\/wp-json\/wp\/v2\/posts\/119423\/revisions"}],"predecessor-version":[{"id":119425,"href":"https:\/\/portalmovil.com.ar\/index.php\/wp-json\/wp\/v2\/posts\/119423\/revisions\/119425"}],"wp:featuredmedia":[{"embeddable":true,"href":"https:\/\/portalmovil.com.ar\/index.php\/wp-json\/wp\/v2\/media\/119424"}],"wp:attachment":[{"href":"https:\/\/portalmovil.com.ar\/index.php\/wp-json\/wp\/v2\/media?parent=119423"}],"wp:term":[{"taxonomy":"category","embeddable":true,"href":"https:\/\/portalmovil.com.ar\/index.php\/wp-json\/wp\/v2\/categories?post=119423"},{"taxonomy":"post_tag","embeddable":true,"href":"https:\/\/portalmovil.com.ar\/index.php\/wp-json\/wp\/v2\/tags?post=119423"}],"curies":[{"name":"wp","href":"https:\/\/api.w.org\/{rel}","templated":true}]}}