{"id":119417,"date":"2026-04-27T10:00:49","date_gmt":"2026-04-27T13:00:49","guid":{"rendered":"https:\/\/portalmovil.com.ar\/?p=119417"},"modified":"2026-04-27T10:00:50","modified_gmt":"2026-04-27T13:00:50","slug":"caso-angel-el-abuelo-de-lucio-dupuy-se-sumo-al-reclamo-en-chubut","status":"publish","type":"post","link":"https:\/\/portalmovil.com.ar\/index.php\/2026\/04\/27\/caso-angel-el-abuelo-de-lucio-dupuy-se-sumo-al-reclamo-en-chubut\/","title":{"rendered":"Caso \u00c1ngel: el abuelo de Lucio Dupuy se sum\u00f3 al reclamo en Chubut"},"content":{"rendered":"\n<p>El&nbsp;abuelo de Lucio Dupuy, el peque\u00f1o asesinado en La Pampa por su madre y su madrastra en noviembre de 2021, viaj\u00f3 hasta la ciudad chubutense de Comodoro Rivadavia para encontrarse con los padres de \u00c1ngel L\u00f3pez, el ni\u00f1o que muri\u00f3 producto de los golpes recibidos por parte de su padrastro.<\/p>\n\n\n\n<p>Este fin de semana&nbsp;Ram\u00f3n viaj\u00f3 junto con la abogada Elba Soria&nbsp;a Comodoro Rivadavia y all\u00ed se encontr\u00f3&nbsp;Luis y Lorena, el pap\u00e1 biol\u00f3gico y la mam\u00e1 del coraz\u00f3n del ni\u00f1o.<\/p>\n\n\n\n<p>En dicho encuentro, conforme a lo informado por el medio&nbsp;ADNSur, sostuvo que la Fundaci\u00f3n les brindar\u00e1 asistencia:&nbsp;\u201cMientras nos necesiten vamos a estar, porque&nbsp;sabemos del dolor de un asesinato de esta magnitud y vamos a estar presentes en todo\u201d.<\/p>\n\n\n\n<p>Luego de uno de los cr\u00edmenes m\u00e1s dolorosos de la historia policial del pa\u00eds, como es la de Lucio, su abuelo Ram\u00f3n Dupuy comenz\u00f3 con una lucha diaria que lo llev\u00f3 a hoy tener una fundaci\u00f3n en nombre de su nieto, as\u00ed como tambi\u00e9n una Ley aprobada en 2023 por el Congreso de la Naci\u00f3n para que agentes del sector p\u00fablico, docentes y p\u00fablico general \u201cadquieran herramientas propias de la ley para prevenir situaciones de violencia\u201d.<\/p>\n\n\n\n<p>Aun as\u00ed, desde el inicio del caso por el asesinato de \u00c1ngel, en el que se encuentran presos su madre y padrastro, Ram\u00f3n expuso en di\u00e1logo con la Agencia Noticias Argentinas que \u201csu asesinato no ense\u00f1\u00f3 nada y la lucha que tenemos nosotros hace cuatro a\u00f1os tampoco sirvi\u00f3\u201d.<\/p>\n\n\n\n<p>El hombre sostuvo que&nbsp;est\u00e1&nbsp;\u201cmuy atravesado\u201d&nbsp;con esta causa debido a que&nbsp;\u201ces el calco de Lucio\u201d.<\/p>\n","protected":false},"excerpt":{"rendered":"<p>El&nbsp;abuelo de Lucio Dupuy, el peque\u00f1o asesinado en La Pampa por su madre y su madrastra en noviembre de 2021, viaj\u00f3 hasta la ciudad chubutense de Comodoro Rivadavia para encontrarse con los padres de \u00c1ngel L\u00f3pez, el ni\u00f1o que muri\u00f3 producto de los golpes recibidos por parte de su padrastro. Este fin de semana&nbsp;Ram\u00f3n viaj\u00f3 &hellip;<\/p>\n","protected":false},"author":2,"featured_media":119418,"comment_status":"open","ping_status":"open","sticky":false,"template":"","format":"standard","meta":{"_jetpack_memberships_contains_paid_content":false,"footnotes":"","jetpack_publicize_message":"","jetpack_publicize_feature_enabled":true,"jetpack_social_post_already_shared":true,"jetpack_social_options":{"image_generator_settings":{"template":"highway","default_image_id":0,"font":"","enabled":false},"version":2}},"categories":[639,50],"tags":[],"class_list":["post-119417","post","type-post","status-publish","format-standard","has-post-thumbnail","hentry","category-argentina","category-judiciales"],"jetpack_publicize_connections":[],"jetpack_featured_media_url":"https:\/\/portalmovil.com.ar\/wp-content\/uploads\/2026\/04\/Ramon-Dupuy.jpeg","jetpack_sharing_enabled":true,"amp_enabled":true,"_links":{"self":[{"href":"https:\/\/portalmovil.com.ar\/index.php\/wp-json\/wp\/v2\/posts\/119417","targetHints":{"allow":["GET"]}}],"collection":[{"href":"https:\/\/portalmovil.com.ar\/index.php\/wp-json\/wp\/v2\/posts"}],"about":[{"href":"https:\/\/portalmovil.com.ar\/index.php\/wp-json\/wp\/v2\/types\/post"}],"author":[{"embeddable":true,"href":"https:\/\/portalmovil.com.ar\/index.php\/wp-json\/wp\/v2\/users\/2"}],"replies":[{"embeddable":true,"href":"https:\/\/portalmovil.com.ar\/index.php\/wp-json\/wp\/v2\/comments?post=119417"}],"version-history":[{"count":1,"href":"https:\/\/portalmovil.com.ar\/index.php\/wp-json\/wp\/v2\/posts\/119417\/revisions"}],"predecessor-version":[{"id":119419,"href":"https:\/\/portalmovil.com.ar\/index.php\/wp-json\/wp\/v2\/posts\/119417\/revisions\/119419"}],"wp:featuredmedia":[{"embeddable":true,"href":"https:\/\/portalmovil.com.ar\/index.php\/wp-json\/wp\/v2\/media\/119418"}],"wp:attachment":[{"href":"https:\/\/portalmovil.com.ar\/index.php\/wp-json\/wp\/v2\/media?parent=119417"}],"wp:term":[{"taxonomy":"category","embeddable":true,"href":"https:\/\/portalmovil.com.ar\/index.php\/wp-json\/wp\/v2\/categories?post=119417"},{"taxonomy":"post_tag","embeddable":true,"href":"https:\/\/portalmovil.com.ar\/index.php\/wp-json\/wp\/v2\/tags?post=119417"}],"curies":[{"name":"wp","href":"https:\/\/api.w.org\/{rel}","templated":true}]}}