{"id":119413,"date":"2026-04-27T09:18:24","date_gmt":"2026-04-27T12:18:24","guid":{"rendered":"https:\/\/portalmovil.com.ar\/?p=119413"},"modified":"2026-04-27T09:18:25","modified_gmt":"2026-04-27T12:18:25","slug":"fontana-mataron-a-un-su-amigo-por-tomarse-todo-el-vino","status":"publish","type":"post","link":"https:\/\/portalmovil.com.ar\/index.php\/2026\/04\/27\/fontana-mataron-a-un-su-amigo-por-tomarse-todo-el-vino\/","title":{"rendered":"Fontana: Mataron a un su amigo por tomarse todo el vino"},"content":{"rendered":"\n<p>Un hombre de 70 a\u00f1os fue hallado sin vida en el barrio Balastro II de Fontana durante la madrugada del lunes, y por el presunto homicidio hay dos detenidos.<\/p>\n\n\n\n<p><br>El hecho se conoci\u00f3 cuando un hombre de 59 a\u00f1os ingres\u00f3 al Hospital Fleitas con heridas de arma blanca y declar\u00f3 haber protagonizado una ri\u00f1a mientras beb\u00eda con otro sujeto en la zona. Al acudir al lugar, la Polic\u00eda encontr\u00f3 a la v\u00edctima ya fallecida.<\/p>\n\n\n\n<figure class=\"wp-block-image size-large\"><img loading=\"lazy\" decoding=\"async\" width=\"576\" height=\"1024\" src=\"https:\/\/portalmovil.com.ar\/wp-content\/uploads\/2026\/04\/134597-576x1024.jpg\" alt=\"\" class=\"wp-image-119415\" srcset=\"https:\/\/portalmovil.com.ar\/wp-content\/uploads\/2026\/04\/134597-576x1024.jpg 576w, https:\/\/portalmovil.com.ar\/wp-content\/uploads\/2026\/04\/134597-169x300.jpg 169w, https:\/\/portalmovil.com.ar\/wp-content\/uploads\/2026\/04\/134597-768x1365.jpg 768w, https:\/\/portalmovil.com.ar\/wp-content\/uploads\/2026\/04\/134597-864x1536.jpg 864w, https:\/\/portalmovil.com.ar\/wp-content\/uploads\/2026\/04\/134597.jpg 900w\" sizes=\"auto, (max-width: 576px) 100vw, 576px\" \/><\/figure>\n\n\n\n<p><br>En la escena intervino personal de Investigaciones y del gabinete cient\u00edfico, que recolect\u00f3 pruebas, entre ellas sangre, un celular y un vaso. Adem\u00e1s, a pocos metros hallaron un machete con restos hem\u00e1ticos.<\/p>\n\n\n\n<p><br>Por el caso fueron demorados dos sospechosos, de 59 y 19 a\u00f1os, quienes quedaron aprehendidos por disposici\u00f3n de la fiscal\u00eda, que tambi\u00e9n orden\u00f3 pericias, alcoholemia y el secuestro de sus prendas.<\/p>\n","protected":false},"excerpt":{"rendered":"<p>Un hombre de 70 a\u00f1os fue hallado sin vida en el barrio Balastro II de Fontana durante la madrugada del lunes, y por el presunto homicidio hay dos detenidos. El hecho se conoci\u00f3 cuando un hombre de 59 a\u00f1os ingres\u00f3 al Hospital Fleitas con heridas de arma blanca y declar\u00f3 haber protagonizado una ri\u00f1a mientras &hellip;<\/p>\n","protected":false},"author":2,"featured_media":119414,"comment_status":"open","ping_status":"open","sticky":false,"template":"","format":"standard","meta":{"_jetpack_memberships_contains_paid_content":false,"footnotes":"","jetpack_publicize_message":"","jetpack_publicize_feature_enabled":true,"jetpack_social_post_already_shared":true,"jetpack_social_options":{"image_generator_settings":{"template":"highway","default_image_id":0,"font":"","enabled":false},"version":2}},"categories":[5,8],"tags":[],"class_list":["post-119413","post","type-post","status-publish","format-standard","has-post-thumbnail","hentry","category-chaco","category-policiales"],"jetpack_publicize_connections":[],"jetpack_featured_media_url":"https:\/\/portalmovil.com.ar\/wp-content\/uploads\/2026\/04\/FB_IMG_1777291997415.jpg","jetpack_sharing_enabled":true,"amp_enabled":true,"_links":{"self":[{"href":"https:\/\/portalmovil.com.ar\/index.php\/wp-json\/wp\/v2\/posts\/119413","targetHints":{"allow":["GET"]}}],"collection":[{"href":"https:\/\/portalmovil.com.ar\/index.php\/wp-json\/wp\/v2\/posts"}],"about":[{"href":"https:\/\/portalmovil.com.ar\/index.php\/wp-json\/wp\/v2\/types\/post"}],"author":[{"embeddable":true,"href":"https:\/\/portalmovil.com.ar\/index.php\/wp-json\/wp\/v2\/users\/2"}],"replies":[{"embeddable":true,"href":"https:\/\/portalmovil.com.ar\/index.php\/wp-json\/wp\/v2\/comments?post=119413"}],"version-history":[{"count":1,"href":"https:\/\/portalmovil.com.ar\/index.php\/wp-json\/wp\/v2\/posts\/119413\/revisions"}],"predecessor-version":[{"id":119416,"href":"https:\/\/portalmovil.com.ar\/index.php\/wp-json\/wp\/v2\/posts\/119413\/revisions\/119416"}],"wp:featuredmedia":[{"embeddable":true,"href":"https:\/\/portalmovil.com.ar\/index.php\/wp-json\/wp\/v2\/media\/119414"}],"wp:attachment":[{"href":"https:\/\/portalmovil.com.ar\/index.php\/wp-json\/wp\/v2\/media?parent=119413"}],"wp:term":[{"taxonomy":"category","embeddable":true,"href":"https:\/\/portalmovil.com.ar\/index.php\/wp-json\/wp\/v2\/categories?post=119413"},{"taxonomy":"post_tag","embeddable":true,"href":"https:\/\/portalmovil.com.ar\/index.php\/wp-json\/wp\/v2\/tags?post=119413"}],"curies":[{"name":"wp","href":"https:\/\/api.w.org\/{rel}","templated":true}]}}