{"id":11863,"date":"2020-08-27T01:16:06","date_gmt":"2020-08-27T04:16:06","guid":{"rendered":"https:\/\/portalmovil.com.ar\/?p=11863"},"modified":"2020-08-27T01:16:11","modified_gmt":"2020-08-27T04:16:11","slug":"con-mirada-puesta-en-las-provincias-el-gobierno-definira-la-nueva-etapa-de-aislamiento","status":"publish","type":"post","link":"https:\/\/portalmovil.com.ar\/index.php\/2020\/08\/27\/con-mirada-puesta-en-las-provincias-el-gobierno-definira-la-nueva-etapa-de-aislamiento\/","title":{"rendered":"Con mirada puesta en las provincias, el Gobierno definir\u00e1 la nueva etapa de aislamiento"},"content":{"rendered":"\n<p>El Gobierno definir\u00e1 entre hoy y ma\u00f1ana viernes la nueva etapa de aislamiento que se iniciar\u00e1 el lunes pr\u00f3ximo, luego de analizar con los especialistas y los gobernadores el escenario de propagaci\u00f3n del coronavirus en el territorio nacional y la situaci\u00f3n epidemiol\u00f3gica en municipios del interior y en el \u00c1rea Metropolitana de Buenos Aires (AMBA).<\/p>\n\n\n\n<p>Localidades de Jujuy, Santa Cruz, Tierra del Fuego, La Rioja, Salta y Santiago del Estero, al igual que el AMBA, mantienen desde el 16 de este mes el aislamiento social, preventivo y obligatorio porque su capacidad de respuesta sanitaria estaba en riesgo ante el n\u00famero creciente de contagios de coronavirus.<\/p>\n\n\n\n<figure class=\"wp-block-image size-large\"><a href=\"https:\/\/portalmovil.com.ar\/index.php\/suscripciones\/\"><img loading=\"lazy\" decoding=\"async\" width=\"1024\" height=\"123\" src=\"https:\/\/portalmovil.com.ar\/wp-content\/uploads\/2020\/08\/suscripciones-PM-1024x123-1-47.png\" alt=\"\" class=\"wp-image-10869\" srcset=\"https:\/\/portalmovil.com.ar\/wp-content\/uploads\/2020\/08\/suscripciones-PM-1024x123-1-47.png 1024w, https:\/\/portalmovil.com.ar\/wp-content\/uploads\/2020\/08\/suscripciones-PM-1024x123-1-47-300x36.png 300w, https:\/\/portalmovil.com.ar\/wp-content\/uploads\/2020\/08\/suscripciones-PM-1024x123-1-47-768x92.png 768w\" sizes=\"auto, (max-width: 1024px) 100vw, 1024px\" \/><\/a><\/figure>\n","protected":false},"excerpt":{"rendered":"<p>El Gobierno definir\u00e1 entre hoy y ma\u00f1ana viernes la nueva etapa de aislamiento que se iniciar\u00e1 el lunes pr\u00f3ximo, luego de analizar con los especialistas y los gobernadores el escenario de propagaci\u00f3n del coronavirus en el territorio nacional y la situaci\u00f3n epidemiol\u00f3gica en municipios del interior y en el \u00c1rea Metropolitana de Buenos Aires (AMBA). &hellip;<\/p>\n","protected":false},"author":2,"featured_media":6172,"comment_status":"open","ping_status":"open","sticky":false,"template":"","format":"standard","meta":{"_jetpack_memberships_contains_paid_content":false,"footnotes":"","jetpack_publicize_message":"","jetpack_publicize_feature_enabled":true,"jetpack_social_post_already_shared":true,"jetpack_social_options":{"image_generator_settings":{"template":"highway","default_image_id":0,"font":"","enabled":false},"version":2}},"categories":[34,12],"tags":[],"class_list":["post-11863","post","type-post","status-publish","format-standard","has-post-thumbnail","hentry","category-nacional","category-ultimo"],"jetpack_publicize_connections":[],"jetpack_featured_media_url":"https:\/\/portalmovil.com.ar\/wp-content\/uploads\/2020\/05\/cuarentena-fase-cuatro-800x570-1.jpg","jetpack_sharing_enabled":true,"amp_enabled":true,"_links":{"self":[{"href":"https:\/\/portalmovil.com.ar\/index.php\/wp-json\/wp\/v2\/posts\/11863","targetHints":{"allow":["GET"]}}],"collection":[{"href":"https:\/\/portalmovil.com.ar\/index.php\/wp-json\/wp\/v2\/posts"}],"about":[{"href":"https:\/\/portalmovil.com.ar\/index.php\/wp-json\/wp\/v2\/types\/post"}],"author":[{"embeddable":true,"href":"https:\/\/portalmovil.com.ar\/index.php\/wp-json\/wp\/v2\/users\/2"}],"replies":[{"embeddable":true,"href":"https:\/\/portalmovil.com.ar\/index.php\/wp-json\/wp\/v2\/comments?post=11863"}],"version-history":[{"count":1,"href":"https:\/\/portalmovil.com.ar\/index.php\/wp-json\/wp\/v2\/posts\/11863\/revisions"}],"predecessor-version":[{"id":11864,"href":"https:\/\/portalmovil.com.ar\/index.php\/wp-json\/wp\/v2\/posts\/11863\/revisions\/11864"}],"wp:featuredmedia":[{"embeddable":true,"href":"https:\/\/portalmovil.com.ar\/index.php\/wp-json\/wp\/v2\/media\/6172"}],"wp:attachment":[{"href":"https:\/\/portalmovil.com.ar\/index.php\/wp-json\/wp\/v2\/media?parent=11863"}],"wp:term":[{"taxonomy":"category","embeddable":true,"href":"https:\/\/portalmovil.com.ar\/index.php\/wp-json\/wp\/v2\/categories?post=11863"},{"taxonomy":"post_tag","embeddable":true,"href":"https:\/\/portalmovil.com.ar\/index.php\/wp-json\/wp\/v2\/tags?post=11863"}],"curies":[{"name":"wp","href":"https:\/\/api.w.org\/{rel}","templated":true}]}}