{"id":118292,"date":"2026-03-16T18:55:49","date_gmt":"2026-03-16T21:55:49","guid":{"rendered":"https:\/\/portalmovil.com.ar\/?p=118292"},"modified":"2026-03-16T18:55:51","modified_gmt":"2026-03-16T21:55:51","slug":"axel-kicillof-arranca-la-campana-para-2027-vendria-al-chaco","status":"publish","type":"post","link":"https:\/\/portalmovil.com.ar\/index.php\/2026\/03\/16\/axel-kicillof-arranca-la-campana-para-2027-vendria-al-chaco\/","title":{"rendered":"Axel Kicillof arranca la campa\u00f1a para 2027: vendr\u00eda al Chaco"},"content":{"rendered":"\n<p>Sectores del peronismo comenzaron a mover fichas en el interior del pa\u00eds para proyectar al gobernador bonaerense Axel Kicillof como posible candidato presidencial en 2027.<\/p>\n\n\n\n<p><br>La estrategia se impulsa a trav\u00e9s del espacio Movimiento Derecho al Futuro, que busca ampliar la influencia del mandatario m\u00e1s all\u00e1 de la provincia de Buenos Aires y recomponer la estructura del justicialismo tras las \u00faltimas derrotas electorales.<\/p>\n\n\n\n<p><br>En ese marco, dirigentes cercanos a Kicillof iniciaron contactos con referentes del Litoral. Entre ellos, el ministro bonaerense Andr\u00e9s Larroque y la jefa de asesores Cristina \u00c1lvarez Rodr\u00edguez.<\/p>\n\n\n\n<p><br>Seg\u00fan trascendi\u00f3, el senador chaque\u00f1o Jorge Capitanich trabaja en la organizaci\u00f3n de un acto en Chaco que buscar\u00e1 reunir a distintos sectores del peronismo para respaldar el proyecto pol\u00edtico del gobernador bonaerense.<\/p>\n\n\n\n<p><br>La convocatoria ser\u00eda uno de los primeros pasos del armado territorial del proyecto \u201cAxel 2027\u201d en las provincias. El evento se prepara con el apoyo de dirigentes como el diputado provincial Sebasti\u00e1n Ben\u00edtez Molas y el intendente de Machagai Juan Manuel Garc\u00eda.<\/p>\n","protected":false},"excerpt":{"rendered":"<p>Sectores del peronismo comenzaron a mover fichas en el interior del pa\u00eds para proyectar al gobernador bonaerense Axel Kicillof como posible candidato presidencial en 2027. La estrategia se impulsa a trav\u00e9s del espacio Movimiento Derecho al Futuro, que busca ampliar la influencia del mandatario m\u00e1s all\u00e1 de la provincia de Buenos Aires y recomponer la &hellip;<\/p>\n","protected":false},"author":2,"featured_media":118293,"comment_status":"open","ping_status":"open","sticky":false,"template":"","format":"standard","meta":{"_jetpack_memberships_contains_paid_content":false,"footnotes":"","jetpack_publicize_message":"","jetpack_publicize_feature_enabled":true,"jetpack_social_post_already_shared":true,"jetpack_social_options":{"image_generator_settings":{"template":"highway","default_image_id":0,"font":"","enabled":false},"version":2}},"categories":[5,14],"tags":[],"class_list":["post-118292","post","type-post","status-publish","format-standard","has-post-thumbnail","hentry","category-chaco","category-politica"],"jetpack_publicize_connections":[],"jetpack_featured_media_url":"https:\/\/portalmovil.com.ar\/wp-content\/uploads\/2026\/03\/644699w480h290c.jpg.webp","jetpack_sharing_enabled":true,"amp_enabled":true,"_links":{"self":[{"href":"https:\/\/portalmovil.com.ar\/index.php\/wp-json\/wp\/v2\/posts\/118292","targetHints":{"allow":["GET"]}}],"collection":[{"href":"https:\/\/portalmovil.com.ar\/index.php\/wp-json\/wp\/v2\/posts"}],"about":[{"href":"https:\/\/portalmovil.com.ar\/index.php\/wp-json\/wp\/v2\/types\/post"}],"author":[{"embeddable":true,"href":"https:\/\/portalmovil.com.ar\/index.php\/wp-json\/wp\/v2\/users\/2"}],"replies":[{"embeddable":true,"href":"https:\/\/portalmovil.com.ar\/index.php\/wp-json\/wp\/v2\/comments?post=118292"}],"version-history":[{"count":1,"href":"https:\/\/portalmovil.com.ar\/index.php\/wp-json\/wp\/v2\/posts\/118292\/revisions"}],"predecessor-version":[{"id":118294,"href":"https:\/\/portalmovil.com.ar\/index.php\/wp-json\/wp\/v2\/posts\/118292\/revisions\/118294"}],"wp:featuredmedia":[{"embeddable":true,"href":"https:\/\/portalmovil.com.ar\/index.php\/wp-json\/wp\/v2\/media\/118293"}],"wp:attachment":[{"href":"https:\/\/portalmovil.com.ar\/index.php\/wp-json\/wp\/v2\/media?parent=118292"}],"wp:term":[{"taxonomy":"category","embeddable":true,"href":"https:\/\/portalmovil.com.ar\/index.php\/wp-json\/wp\/v2\/categories?post=118292"},{"taxonomy":"post_tag","embeddable":true,"href":"https:\/\/portalmovil.com.ar\/index.php\/wp-json\/wp\/v2\/tags?post=118292"}],"curies":[{"name":"wp","href":"https:\/\/api.w.org\/{rel}","templated":true}]}}