{"id":118236,"date":"2026-03-13T22:12:23","date_gmt":"2026-03-14T01:12:23","guid":{"rendered":"https:\/\/portalmovil.com.ar\/?p=118236"},"modified":"2026-03-13T22:12:23","modified_gmt":"2026-03-14T01:12:23","slug":"cuatro-meses-de-prision-preventiva-para-pichon-segura-por-la-brutal-agresion-al-diputado-libertario","status":"publish","type":"post","link":"https:\/\/portalmovil.com.ar\/index.php\/2026\/03\/13\/cuatro-meses-de-prision-preventiva-para-pichon-segura-por-la-brutal-agresion-al-diputado-libertario\/","title":{"rendered":"Cuatro meses de prisi\u00f3n preventiva para \u201cPich\u00f3n\u201d Segura por la brutal agresi\u00f3n al diputado\u00a0libertario"},"content":{"rendered":"\n<p>El juez&nbsp;<strong>Ra\u00fal Robin M\u00e1rquez<\/strong>&nbsp;dict\u00f3 la prisi\u00f3n preventiva por el t\u00e9rmino de cuatro meses para<strong>&nbsp;Marcelo Claudio \u00abPich\u00f3n\u00bb Segura<\/strong>, quien ser\u00e1 alojado en el complejo penitenciario de Benjam\u00edn Paz. La medida se tom\u00f3 en el marco de la causa caratulada como lesiones graves agravadas por alevos\u00eda en calidad de autor, tras el ataque perpetrado contra el diputado nacional de La Libertad Avanza,&nbsp;<strong>Agust\u00edn Pelli<\/strong>, en la localidad de La Madrid. El magistrado consider\u00f3 que existen riesgos procesales de fuga y de entorpecimiento de la investigaci\u00f3n, validando as\u00ed el pedido del Ministerio P\u00fablico Fiscal (MPF) ante un hecho que calific\u00f3 de \u00abbrutal\u00bb y con impacto institucional.<\/p>\n\n\n\n<p>Durante la audiencia, que se desarroll\u00f3 de manera virtual, el diputado Pelli presenci\u00f3 los cargos desde la cl\u00ednica donde permanece internado. Debido a la intervenci\u00f3n quir\u00fargica a la que fue sometido por fracturas m\u00faltiples en el tabique nasal y los huesos propios de la nariz, adem\u00e1s de un traumatismo enc\u00e9falocraneano leve, el parlamentario no pudo hacer uso de la palabra por las dificultades f\u00edsicas derivadas de la operaci\u00f3n en su rostro. Los fiscales&nbsp;<strong>Gabriela Ghilardi y Juan Jos\u00e9 Iba\u00f1ez&nbsp;<\/strong>describieron que el ataque se produjo de manera sorpresiva cuando Pelli caminaba por la ruta nacional 157 entregando provisiones a los inundados, momento en que Segura le asest\u00f3 un violento cabezazo aprovechando que la v\u00edctima ten\u00eda ambas manos ocupadas con bolsas de donaciones.<\/p>\n","protected":false},"excerpt":{"rendered":"<p>El juez&nbsp;Ra\u00fal Robin M\u00e1rquez&nbsp;dict\u00f3 la prisi\u00f3n preventiva por el t\u00e9rmino de cuatro meses para&nbsp;Marcelo Claudio \u00abPich\u00f3n\u00bb Segura, quien ser\u00e1 alojado en el complejo penitenciario de Benjam\u00edn Paz. La medida se tom\u00f3 en el marco de la causa caratulada como lesiones graves agravadas por alevos\u00eda en calidad de autor, tras el ataque perpetrado contra el diputado &hellip;<\/p>\n","protected":false},"author":2,"featured_media":118237,"comment_status":"open","ping_status":"open","sticky":false,"template":"","format":"standard","meta":{"_jetpack_memberships_contains_paid_content":false,"footnotes":"","jetpack_publicize_message":"","jetpack_publicize_feature_enabled":true,"jetpack_social_post_already_shared":true,"jetpack_social_options":{"image_generator_settings":{"template":"highway","default_image_id":0,"font":"","enabled":false},"version":2}},"categories":[639,50],"tags":[],"class_list":["post-118236","post","type-post","status-publish","format-standard","has-post-thumbnail","hentry","category-argentina","category-judiciales"],"jetpack_publicize_connections":[],"jetpack_featured_media_url":"https:\/\/portalmovil.com.ar\/wp-content\/uploads\/2026\/03\/ydfuy7hm8l2pdoxmd1fa.jpg","jetpack_sharing_enabled":true,"amp_enabled":true,"_links":{"self":[{"href":"https:\/\/portalmovil.com.ar\/index.php\/wp-json\/wp\/v2\/posts\/118236","targetHints":{"allow":["GET"]}}],"collection":[{"href":"https:\/\/portalmovil.com.ar\/index.php\/wp-json\/wp\/v2\/posts"}],"about":[{"href":"https:\/\/portalmovil.com.ar\/index.php\/wp-json\/wp\/v2\/types\/post"}],"author":[{"embeddable":true,"href":"https:\/\/portalmovil.com.ar\/index.php\/wp-json\/wp\/v2\/users\/2"}],"replies":[{"embeddable":true,"href":"https:\/\/portalmovil.com.ar\/index.php\/wp-json\/wp\/v2\/comments?post=118236"}],"version-history":[{"count":1,"href":"https:\/\/portalmovil.com.ar\/index.php\/wp-json\/wp\/v2\/posts\/118236\/revisions"}],"predecessor-version":[{"id":118238,"href":"https:\/\/portalmovil.com.ar\/index.php\/wp-json\/wp\/v2\/posts\/118236\/revisions\/118238"}],"wp:featuredmedia":[{"embeddable":true,"href":"https:\/\/portalmovil.com.ar\/index.php\/wp-json\/wp\/v2\/media\/118237"}],"wp:attachment":[{"href":"https:\/\/portalmovil.com.ar\/index.php\/wp-json\/wp\/v2\/media?parent=118236"}],"wp:term":[{"taxonomy":"category","embeddable":true,"href":"https:\/\/portalmovil.com.ar\/index.php\/wp-json\/wp\/v2\/categories?post=118236"},{"taxonomy":"post_tag","embeddable":true,"href":"https:\/\/portalmovil.com.ar\/index.php\/wp-json\/wp\/v2\/tags?post=118236"}],"curies":[{"name":"wp","href":"https:\/\/api.w.org\/{rel}","templated":true}]}}