{"id":118223,"date":"2026-03-13T14:13:35","date_gmt":"2026-03-13T17:13:35","guid":{"rendered":"https:\/\/portalmovil.com.ar\/?p=118223"},"modified":"2026-03-13T14:13:38","modified_gmt":"2026-03-13T17:13:38","slug":"internaron-a-jair-bolsonaro-tras-descompensarse-en-la-carcel-de-brasilia","status":"publish","type":"post","link":"https:\/\/portalmovil.com.ar\/index.php\/2026\/03\/13\/internaron-a-jair-bolsonaro-tras-descompensarse-en-la-carcel-de-brasilia\/","title":{"rendered":"Internaron a Jair Bolsonaro tras descompensarse en la c\u00e1rcel de Brasilia"},"content":{"rendered":"\n<p>El ex presidente de Brasil&nbsp;<strong>Jair Bolsonaro<\/strong>, debi\u00f3 ser trasladado este viernes a un centro de salud de Brasilia desde la c\u00e1rcel en la que cumple su condena a 27 a\u00f1os de prisi\u00f3n por haber fogoneado una intentona golpista contra el gobierno de&nbsp;<strong>Luiz In\u00e1cio Lula da Silva<\/strong>. El ex mandatario comenz\u00f3 a presentar problemas de salud en la madrugada por lo que se dispuso su inmediato traslado.<\/p>\n\n\n\n<p>As\u00ed lo inform\u00f3 hoy su hijo, el senador&nbsp;<strong>Fl\u00e1vio Bolsonaro,<\/strong>&nbsp;a trav\u00e9s de sus redes sociales. \u00abAcabo de recibir la noticia de que mi padre est\u00e1 de camino al hospital, una vez m\u00e1s\u00bb, escribi\u00f3 el senador, quien tambi\u00e9n pidi\u00f3 oraciones a los seguidores del l\u00edder de la ultraderecha brasile\u00f1a para que el cuadro no sea grave.<\/p>\n\n\n\n<p>El traslado fue confirmado poco despu\u00e9s por la Polic\u00eda Militar, responsable de la penitenciar\u00eda donde est\u00e1 recluido Bolsonaro, que dijo que el equipo m\u00e9dico facilitar\u00e1 informaci\u00f3n adicional en las pr\u00f3ximas horas.<\/p>\n\n\n\n<p>Bolsonaro enfrenta desde 2018 diversos y recurrentes problemas de salud relacionados con el atentado sufri\u00f3 durante la campa\u00f1a presidencial de ese a\u00f1o, cuando fue apu\u00f1alado en el abdomen en el marco de una caravana.<\/p>\n\n\n\n<p>Desde entonces, el exmandatario debi\u00f3 ser sometido a varias hospitalizaciones y procedimientos m\u00e9dicos&nbsp;para tratar complicaciones derivadas de aquella agresi\u00f3n.<\/p>\n\n\n\n<p>Esta es la primera salida de Bolsonaro desde que comenz\u00f3 a cumplir su condena por tentativa de golpe de Estado, en el Complejo Penitenciario de Papuda, el pasado 15 de enero.<\/p>\n","protected":false},"excerpt":{"rendered":"<p>El ex presidente de Brasil&nbsp;Jair Bolsonaro, debi\u00f3 ser trasladado este viernes a un centro de salud de Brasilia desde la c\u00e1rcel en la que cumple su condena a 27 a\u00f1os de prisi\u00f3n por haber fogoneado una intentona golpista contra el gobierno de&nbsp;Luiz In\u00e1cio Lula da Silva. El ex mandatario comenz\u00f3 a presentar problemas de salud &hellip;<\/p>\n","protected":false},"author":2,"featured_media":118224,"comment_status":"open","ping_status":"open","sticky":false,"template":"","format":"standard","meta":{"_jetpack_memberships_contains_paid_content":false,"footnotes":"","jetpack_publicize_message":"","jetpack_publicize_feature_enabled":true,"jetpack_social_post_already_shared":true,"jetpack_social_options":{"image_generator_settings":{"template":"highway","default_image_id":0,"font":"","enabled":false},"version":2}},"categories":[17],"tags":[],"class_list":["post-118223","post","type-post","status-publish","format-standard","has-post-thumbnail","hentry","category-mundo"],"jetpack_publicize_connections":[],"jetpack_featured_media_url":"https:\/\/portalmovil.com.ar\/wp-content\/uploads\/2026\/03\/bolsonaro-internadojpg.jpg","jetpack_sharing_enabled":true,"amp_enabled":true,"_links":{"self":[{"href":"https:\/\/portalmovil.com.ar\/index.php\/wp-json\/wp\/v2\/posts\/118223","targetHints":{"allow":["GET"]}}],"collection":[{"href":"https:\/\/portalmovil.com.ar\/index.php\/wp-json\/wp\/v2\/posts"}],"about":[{"href":"https:\/\/portalmovil.com.ar\/index.php\/wp-json\/wp\/v2\/types\/post"}],"author":[{"embeddable":true,"href":"https:\/\/portalmovil.com.ar\/index.php\/wp-json\/wp\/v2\/users\/2"}],"replies":[{"embeddable":true,"href":"https:\/\/portalmovil.com.ar\/index.php\/wp-json\/wp\/v2\/comments?post=118223"}],"version-history":[{"count":1,"href":"https:\/\/portalmovil.com.ar\/index.php\/wp-json\/wp\/v2\/posts\/118223\/revisions"}],"predecessor-version":[{"id":118225,"href":"https:\/\/portalmovil.com.ar\/index.php\/wp-json\/wp\/v2\/posts\/118223\/revisions\/118225"}],"wp:featuredmedia":[{"embeddable":true,"href":"https:\/\/portalmovil.com.ar\/index.php\/wp-json\/wp\/v2\/media\/118224"}],"wp:attachment":[{"href":"https:\/\/portalmovil.com.ar\/index.php\/wp-json\/wp\/v2\/media?parent=118223"}],"wp:term":[{"taxonomy":"category","embeddable":true,"href":"https:\/\/portalmovil.com.ar\/index.php\/wp-json\/wp\/v2\/categories?post=118223"},{"taxonomy":"post_tag","embeddable":true,"href":"https:\/\/portalmovil.com.ar\/index.php\/wp-json\/wp\/v2\/tags?post=118223"}],"curies":[{"name":"wp","href":"https:\/\/api.w.org\/{rel}","templated":true}]}}