{"id":118220,"date":"2026-03-13T11:35:01","date_gmt":"2026-03-13T14:35:01","guid":{"rendered":"https:\/\/portalmovil.com.ar\/?p=118220"},"modified":"2026-03-13T11:35:04","modified_gmt":"2026-03-13T14:35:04","slug":"ee-uu-afirma-que-el-nuevo-lider-supremo-irani-esta-herido-y-probablemente-desfigurado","status":"publish","type":"post","link":"https:\/\/portalmovil.com.ar\/index.php\/2026\/03\/13\/ee-uu-afirma-que-el-nuevo-lider-supremo-irani-esta-herido-y-probablemente-desfigurado\/","title":{"rendered":"EE.UU. afirma que el nuevo l\u00edder supremo iran\u00ed est\u00e1 \u00abherido\u00bb y \u00abprobablemente desfigurado\u00bb"},"content":{"rendered":"\n<p>Lo dijo el secretario de Defensa de EE.UU., Pete Hegseth. Pero no aport\u00f3 pruebas sobre su estado. Israel sospecha que Mojtaba Khamenei result\u00f3 herido al comienzo de la guerra.<\/p>\n\n\n\n<p>El secretario de Guerra de Estados Unidos, Pete Hegseth, realiz\u00f3 las declaraciones durante una conferencia de prensa en el Pent\u00e1gono. El funcionario afirm\u00f3 que el nuevo l\u00edder supremo iran\u00ed, el ayatollah Mojtaba Khamenei, se encuentra herido. Tambi\u00e9n asegur\u00f3 que estar\u00eda \u201cprobablemente desfigurado\u201d. Seg\u00fan sostuvo, el l\u00edder iran\u00ed se encuentra oculto. Las declaraciones se dieron mientras Washington anunci\u00f3 un nuevo ataque a\u00e9reo sobre Teher\u00e1n.<\/p>\n\n\n\n<p>Cuando&nbsp;la guerra con Ir\u00e1n&nbsp;cumple ya 15 d\u00edas, El secretario de Defensa de Estados Unidos Pete Hegseth afirm\u00f3 este viernes que el nuevo l\u00edder supremo de Ir\u00e1n, Mojtaba Khamenei<strong>&nbsp;\u201cest\u00e1 herido y probablemente desfigurado\u201d.<\/strong><\/p>\n\n\n\n<p>Durante una rueda de prensa en el Pent\u00e1gono el viernes, el secretario de Defensa estadounidense<strong>&nbsp;no aport\u00f3 pruebas<\/strong>&nbsp;sobre el estado del m\u00e1ximo l\u00edder espiritual de Ir\u00e1n.<\/p>\n\n\n\n<p>\u201cEl liderazgo de Ir\u00e1n no est\u00e1 en mejor estado; desesperados y escondidos, se han ocultado, acobardados como ratas\u201d, declar\u00f3 Hegseth a los periodistas. \u201cSabemos que el nuevo l\u00edder, supuestamente no tan supremo, est\u00e1 herido y probablemente desfigurado\u201d.<\/p>\n\n\n\n<p>Israel sospecha que&nbsp;<strong>Khamenei result\u00f3 herido al comienzo de la guerra.&nbsp;<\/strong>Khamenei no ha aparecido en p\u00fablico desde que asumi\u00f3 el liderazgo.<\/p>\n\n\n\n<p>El jueves&nbsp;emiti\u00f3 un mensaje&nbsp;escrito en el que&nbsp;<strong>prometi\u00f3 venganza<\/strong>&nbsp;por la muerte de m\u00e1rtires iran\u00edes y&nbsp;<strong>orden\u00f3 mantener cerrado el estrat\u00e9gicos Estrecho de Ormuz,<\/strong>&nbsp;que est\u00e1 estrangulando el flujo mundial de petr\u00f3leo.<\/p>\n","protected":false},"excerpt":{"rendered":"<p>Lo dijo el secretario de Defensa de EE.UU., Pete Hegseth. Pero no aport\u00f3 pruebas sobre su estado. Israel sospecha que Mojtaba Khamenei result\u00f3 herido al comienzo de la guerra. El secretario de Guerra de Estados Unidos, Pete Hegseth, realiz\u00f3 las declaraciones durante una conferencia de prensa en el Pent\u00e1gono. El funcionario afirm\u00f3 que el nuevo &hellip;<\/p>\n","protected":false},"author":2,"featured_media":118221,"comment_status":"open","ping_status":"open","sticky":false,"template":"","format":"standard","meta":{"_jetpack_memberships_contains_paid_content":false,"footnotes":"","jetpack_publicize_message":"","jetpack_publicize_feature_enabled":true,"jetpack_social_post_already_shared":true,"jetpack_social_options":{"image_generator_settings":{"template":"highway","default_image_id":0,"font":"","enabled":false},"version":2}},"categories":[17],"tags":[],"class_list":["post-118220","post","type-post","status-publish","format-standard","has-post-thumbnail","hentry","category-mundo"],"jetpack_publicize_connections":[],"jetpack_featured_media_url":"https:\/\/portalmovil.com.ar\/wp-content\/uploads\/2026\/03\/file_20260313093727.jpg","jetpack_sharing_enabled":true,"amp_enabled":true,"_links":{"self":[{"href":"https:\/\/portalmovil.com.ar\/index.php\/wp-json\/wp\/v2\/posts\/118220","targetHints":{"allow":["GET"]}}],"collection":[{"href":"https:\/\/portalmovil.com.ar\/index.php\/wp-json\/wp\/v2\/posts"}],"about":[{"href":"https:\/\/portalmovil.com.ar\/index.php\/wp-json\/wp\/v2\/types\/post"}],"author":[{"embeddable":true,"href":"https:\/\/portalmovil.com.ar\/index.php\/wp-json\/wp\/v2\/users\/2"}],"replies":[{"embeddable":true,"href":"https:\/\/portalmovil.com.ar\/index.php\/wp-json\/wp\/v2\/comments?post=118220"}],"version-history":[{"count":1,"href":"https:\/\/portalmovil.com.ar\/index.php\/wp-json\/wp\/v2\/posts\/118220\/revisions"}],"predecessor-version":[{"id":118222,"href":"https:\/\/portalmovil.com.ar\/index.php\/wp-json\/wp\/v2\/posts\/118220\/revisions\/118222"}],"wp:featuredmedia":[{"embeddable":true,"href":"https:\/\/portalmovil.com.ar\/index.php\/wp-json\/wp\/v2\/media\/118221"}],"wp:attachment":[{"href":"https:\/\/portalmovil.com.ar\/index.php\/wp-json\/wp\/v2\/media?parent=118220"}],"wp:term":[{"taxonomy":"category","embeddable":true,"href":"https:\/\/portalmovil.com.ar\/index.php\/wp-json\/wp\/v2\/categories?post=118220"},{"taxonomy":"post_tag","embeddable":true,"href":"https:\/\/portalmovil.com.ar\/index.php\/wp-json\/wp\/v2\/tags?post=118220"}],"curies":[{"name":"wp","href":"https:\/\/api.w.org\/{rel}","templated":true}]}}