{"id":118200,"date":"2026-03-12T15:13:21","date_gmt":"2026-03-12T18:13:21","guid":{"rendered":"https:\/\/portalmovil.com.ar\/?p=118200"},"modified":"2026-03-12T15:13:22","modified_gmt":"2026-03-12T18:13:22","slug":"villarruel-denuncio-penalmente-a-luis-petri-tras-llamarla-golpista","status":"publish","type":"post","link":"https:\/\/portalmovil.com.ar\/index.php\/2026\/03\/12\/villarruel-denuncio-penalmente-a-luis-petri-tras-llamarla-golpista\/","title":{"rendered":"Villarruel denunci\u00f3 penalmente a Luis Petri tras llamarla \u00abgolpista\u00bb"},"content":{"rendered":"\n<p>Lo que comenz\u00f3 como un cruce de chicanas en redes sociales y estudios de televisi\u00f3n escal\u00f3 a una batalla judicial sin precedentes dentro del oficialismo. La vicepresidenta&nbsp;<strong>Victoria Villarruel<\/strong>&nbsp;present\u00f3 una denuncia penal contra el diputado y exministro de Defensa,&nbsp;<strong>Luis Petri<\/strong>, bajo cargos grav\u00edsimos:&nbsp;<strong>calumnias, injurias, atentado contra el orden p\u00fablico y amenaza de rebeli\u00f3n<\/strong>.<\/p>\n\n\n\n<p>La relaci\u00f3n, que ya ven\u00eda desgastada, se dinamit\u00f3 tras la apertura de sesiones ordinarias. Petri, en una entrevista televisiva, acus\u00f3 a la Vicepresidenta de haber&nbsp;<strong>\u00abapostado al fracaso del Gobierno\u00bb<\/strong>&nbsp;y de ofrecerse como una alternativa de sucesi\u00f3n ante una eventual ca\u00edda de Javier Milei.<\/p>\n\n\n\n<h3 class=\"wp-block-heading\">\u00abNo estuvo a la altura\u00bb<\/h3>\n\n\n\n<p>El exministro de Defensa fue por m\u00e1s y vincul\u00f3 a Villarruel con el sector que el Presidente denunci\u00f3 como conspirador.&nbsp;<strong>\u201cCuando el presidente hablaba de quienes esperaban su ca\u00edda, hac\u00eda referencia a una vicepresidenta que no ha estado a la altura\u201d<\/strong>, dispar\u00f3 Petri.<\/p>\n\n\n\n<p>La respuesta de Villarruel fue, fiel a su estilo, punzante. Primero lo ningune\u00f3 en redes sociales llam\u00e1ndolo&nbsp;<strong>\u00abcosplayer\u00bb<\/strong>&nbsp;y criticando su gesti\u00f3n:&nbsp;<strong>\u00abLo conozco por sus cosplays, por los trencitos de la alegr\u00eda con el Presidente y por los sueldos m\u00e1s bajos de las fuerzas\u00bb<\/strong>. Petri, lejos de retroceder, redobl\u00f3 la apuesta con una frase letal:&nbsp;<strong>\u00abYo te conozco por golpista\u00bb<\/strong>.<\/p>\n\n\n\n<h3 class=\"wp-block-heading\">La v\u00eda judicial: de las redes a Comodoro Py<\/h3>\n\n\n\n<p>Ante la gravedad de ser tildada de \u00abgolpista\u00bb siendo la segunda en la l\u00ednea sucesoria, Villarruel radic\u00f3 la denuncia en los tribunales federales de&nbsp;<strong>Comodoro Py<\/strong>. El texto judicial apunta no solo al da\u00f1o a su imagen, sino que invoca el&nbsp;<strong>art\u00edculo 213 bis del C\u00f3digo Penal<\/strong>, que prev\u00e9 penas de 3 a 8 a\u00f1os de prisi\u00f3n para quienes formen parte de agrupaciones que intenten imponer ideas por la fuerza o el temor.<\/p>\n\n\n\n<p>La denuncia incluye:<\/p>\n\n\n\n<ul class=\"wp-block-list\">\n<li><strong>Calumnias e injurias:<\/strong>\u00a0Por la falsa imputaci\u00f3n de un delito (golpismo).<\/li>\n\n\n\n<li><strong>Amenaza de rebeli\u00f3n:<\/strong>\u00a0Al sugerir que la Vicepresidenta encabeza un movimiento contra el orden constitucional.<\/li>\n\n\n\n<li><strong>Atentado contra el orden p\u00fablico<\/strong>.<\/li>\n<\/ul>\n\n\n\n<p>La Casa Rosada observa con hermetismo c\u00f3mo sus dos figuras con mayor perfil institucional se enfrentan en la justicia, en lo que ya se perfila como la crisis pol\u00edtica m\u00e1s profunda desde el inicio de la gesti\u00f3n Milei. Informa\u00a0<strong>Voces Cr\u00edticas<\/strong>.<\/p>\n","protected":false},"excerpt":{"rendered":"<p>Lo que comenz\u00f3 como un cruce de chicanas en redes sociales y estudios de televisi\u00f3n escal\u00f3 a una batalla judicial sin precedentes dentro del oficialismo. La vicepresidenta&nbsp;Victoria Villarruel&nbsp;present\u00f3 una denuncia penal contra el diputado y exministro de Defensa,&nbsp;Luis Petri, bajo cargos grav\u00edsimos:&nbsp;calumnias, injurias, atentado contra el orden p\u00fablico y amenaza de rebeli\u00f3n. La relaci\u00f3n, que &hellip;<\/p>\n","protected":false},"author":2,"featured_media":118201,"comment_status":"open","ping_status":"open","sticky":false,"template":"","format":"standard","meta":{"_jetpack_memberships_contains_paid_content":false,"footnotes":"","jetpack_publicize_message":"","jetpack_publicize_feature_enabled":true,"jetpack_social_post_already_shared":true,"jetpack_social_options":{"image_generator_settings":{"template":"highway","default_image_id":0,"font":"","enabled":false},"version":2}},"categories":[639,14],"tags":[],"class_list":["post-118200","post","type-post","status-publish","format-standard","has-post-thumbnail","hentry","category-argentina","category-politica"],"jetpack_publicize_connections":[],"jetpack_featured_media_url":"https:\/\/portalmovil.com.ar\/wp-content\/uploads\/2026\/03\/villarruel-petri.jpeg","jetpack_sharing_enabled":true,"amp_enabled":true,"_links":{"self":[{"href":"https:\/\/portalmovil.com.ar\/index.php\/wp-json\/wp\/v2\/posts\/118200","targetHints":{"allow":["GET"]}}],"collection":[{"href":"https:\/\/portalmovil.com.ar\/index.php\/wp-json\/wp\/v2\/posts"}],"about":[{"href":"https:\/\/portalmovil.com.ar\/index.php\/wp-json\/wp\/v2\/types\/post"}],"author":[{"embeddable":true,"href":"https:\/\/portalmovil.com.ar\/index.php\/wp-json\/wp\/v2\/users\/2"}],"replies":[{"embeddable":true,"href":"https:\/\/portalmovil.com.ar\/index.php\/wp-json\/wp\/v2\/comments?post=118200"}],"version-history":[{"count":1,"href":"https:\/\/portalmovil.com.ar\/index.php\/wp-json\/wp\/v2\/posts\/118200\/revisions"}],"predecessor-version":[{"id":118202,"href":"https:\/\/portalmovil.com.ar\/index.php\/wp-json\/wp\/v2\/posts\/118200\/revisions\/118202"}],"wp:featuredmedia":[{"embeddable":true,"href":"https:\/\/portalmovil.com.ar\/index.php\/wp-json\/wp\/v2\/media\/118201"}],"wp:attachment":[{"href":"https:\/\/portalmovil.com.ar\/index.php\/wp-json\/wp\/v2\/media?parent=118200"}],"wp:term":[{"taxonomy":"category","embeddable":true,"href":"https:\/\/portalmovil.com.ar\/index.php\/wp-json\/wp\/v2\/categories?post=118200"},{"taxonomy":"post_tag","embeddable":true,"href":"https:\/\/portalmovil.com.ar\/index.php\/wp-json\/wp\/v2\/tags?post=118200"}],"curies":[{"name":"wp","href":"https:\/\/api.w.org\/{rel}","templated":true}]}}