{"id":118197,"date":"2026-03-12T14:22:25","date_gmt":"2026-03-12T17:22:25","guid":{"rendered":"https:\/\/portalmovil.com.ar\/?p=118197"},"modified":"2026-03-12T14:22:26","modified_gmt":"2026-03-12T17:22:26","slug":"habra-modificaciones-en-el-estacionamiento-medido-de-resistencia","status":"publish","type":"post","link":"https:\/\/portalmovil.com.ar\/index.php\/2026\/03\/12\/habra-modificaciones-en-el-estacionamiento-medido-de-resistencia\/","title":{"rendered":"Habr\u00e1 modificaciones en el estacionamiento medido de Resistencia"},"content":{"rendered":"\n<p>La Secretar\u00eda de Ambiente y Movilidad de Resistencia inform\u00f3 modificaciones en el Sistema Inteligente de Estacionamiento Medido (SIDEM) con el objetivo de mejorar el servicio en el macro y microcentro de la ciudad.<\/p>\n\n\n\n<p>De acuerdo al anuncio, los cambios se aplican luego de la aprobaci\u00f3n de una modificaci\u00f3n del C\u00f3digo de Tr\u00e1nsito. A partir de ahora, quienes estacionen en los boxes delimitados para el estacionamiento medido deber\u00e1n abonar el total de la primera hora. Luego de ese per\u00edodo inicial, el cobro se realizar\u00e1 de manera fraccionada por minutos.<\/p>\n\n\n\n<p>Adem\u00e1s, el sistema dejar\u00e1 de interrumpirse autom\u00e1ticamente a las dos horas, como ocurr\u00eda hasta el momento. En adelante, el cobro permanecer\u00e1 activo hasta el horario de cierre correspondiente a cada turno, salvo que el usuario decida finalizarlo antes. Durante la ma\u00f1ana, el servicio se extiende hasta las 12, mientras que por la tarde el cierre se produce a las 20.<\/p>\n\n\n\n<p>Desde el \u00e1rea municipal se\u00f1alaron que el sistema \u00abfunciona correctamente y que, en general, las personas se adaptaron a aplicaci\u00f3n disponible para uso en dispositivos m\u00f3viles. De todos modos, existe la opci\u00f3n de comprar cr\u00e9dito en puntos de venta, en donde se efect\u00faa la compra por horas completas, no es posible comprar minutos\u00bb.<\/p>\n","protected":false},"excerpt":{"rendered":"<p>La Secretar\u00eda de Ambiente y Movilidad de Resistencia inform\u00f3 modificaciones en el Sistema Inteligente de Estacionamiento Medido (SIDEM) con el objetivo de mejorar el servicio en el macro y microcentro de la ciudad. De acuerdo al anuncio, los cambios se aplican luego de la aprobaci\u00f3n de una modificaci\u00f3n del C\u00f3digo de Tr\u00e1nsito. A partir de &hellip;<\/p>\n","protected":false},"author":2,"featured_media":118198,"comment_status":"open","ping_status":"open","sticky":false,"template":"","format":"standard","meta":{"_jetpack_memberships_contains_paid_content":false,"footnotes":"","jetpack_publicize_message":"","jetpack_publicize_feature_enabled":true,"jetpack_social_post_already_shared":true,"jetpack_social_options":{"image_generator_settings":{"template":"highway","default_image_id":0,"font":"","enabled":false},"version":2}},"categories":[14,37],"tags":[],"class_list":["post-118197","post","type-post","status-publish","format-standard","has-post-thumbnail","hentry","category-politica","category-resistencia"],"jetpack_publicize_connections":[],"jetpack_featured_media_url":"https:\/\/portalmovil.com.ar\/wp-content\/uploads\/2026\/03\/WhatsApp-Image-2026-01-06-at-08.43.40-780x470-1.webp","jetpack_sharing_enabled":true,"amp_enabled":true,"_links":{"self":[{"href":"https:\/\/portalmovil.com.ar\/index.php\/wp-json\/wp\/v2\/posts\/118197","targetHints":{"allow":["GET"]}}],"collection":[{"href":"https:\/\/portalmovil.com.ar\/index.php\/wp-json\/wp\/v2\/posts"}],"about":[{"href":"https:\/\/portalmovil.com.ar\/index.php\/wp-json\/wp\/v2\/types\/post"}],"author":[{"embeddable":true,"href":"https:\/\/portalmovil.com.ar\/index.php\/wp-json\/wp\/v2\/users\/2"}],"replies":[{"embeddable":true,"href":"https:\/\/portalmovil.com.ar\/index.php\/wp-json\/wp\/v2\/comments?post=118197"}],"version-history":[{"count":1,"href":"https:\/\/portalmovil.com.ar\/index.php\/wp-json\/wp\/v2\/posts\/118197\/revisions"}],"predecessor-version":[{"id":118199,"href":"https:\/\/portalmovil.com.ar\/index.php\/wp-json\/wp\/v2\/posts\/118197\/revisions\/118199"}],"wp:featuredmedia":[{"embeddable":true,"href":"https:\/\/portalmovil.com.ar\/index.php\/wp-json\/wp\/v2\/media\/118198"}],"wp:attachment":[{"href":"https:\/\/portalmovil.com.ar\/index.php\/wp-json\/wp\/v2\/media?parent=118197"}],"wp:term":[{"taxonomy":"category","embeddable":true,"href":"https:\/\/portalmovil.com.ar\/index.php\/wp-json\/wp\/v2\/categories?post=118197"},{"taxonomy":"post_tag","embeddable":true,"href":"https:\/\/portalmovil.com.ar\/index.php\/wp-json\/wp\/v2\/tags?post=118197"}],"curies":[{"name":"wp","href":"https:\/\/api.w.org\/{rel}","templated":true}]}}