{"id":118193,"date":"2026-03-12T12:00:05","date_gmt":"2026-03-12T15:00:05","guid":{"rendered":"https:\/\/portalmovil.com.ar\/?p=118193"},"modified":"2026-03-12T12:00:08","modified_gmt":"2026-03-12T15:00:08","slug":"barranqueras-firmo-un-convenio-educativo-que-otorgara-becas-para-tecnicaturas","status":"publish","type":"post","link":"https:\/\/portalmovil.com.ar\/index.php\/2026\/03\/12\/barranqueras-firmo-un-convenio-educativo-que-otorgara-becas-para-tecnicaturas\/","title":{"rendered":"Barranqueras firm\u00f3 un convenio educativo que otorgar\u00e1 becas para tecnicaturas"},"content":{"rendered":"\n<p>La Municipalidad de Barranqueras firm\u00f3 un convenio con la Fundaci\u00f3n Paulo Freire para otorgar hasta 25 becas completas a vecinos y trabajadores de la ciudad durante el ciclo lectivo 2026.<\/p>\n\n\n\n<p><br>El acuerdo fue firmado por el intendente Roberto Ben\u00edtez y la representante legal Silvina Maricel Mac-Lachlan.<\/p>\n\n\n\n<p><br>Las becas cubrir\u00e1n matr\u00edcula, cuotas mensuales y derechos de examen, permitiendo acceder sin costo a tecnicaturas superiores como Econom\u00eda Social y Desarrollo Local, Psicolog\u00eda Social, Gesti\u00f3n de Recursos Humanos y Ciencias de Datos e Inteligencia Artificial.<\/p>\n\n\n\n<p><br>Las carreras se dictar\u00e1n en modalidad presencial y bimodal, con horarios vespertinos, para facilitar el estudio a quienes trabajan.<\/p>\n\n\n\n<p><br>El convenio tendr\u00e1 una vigencia inicial de un a\u00f1o, y el municipio ser\u00e1 el encargado de seleccionar a los beneficiarios.<\/p>\n","protected":false},"excerpt":{"rendered":"<p>La Municipalidad de Barranqueras firm\u00f3 un convenio con la Fundaci\u00f3n Paulo Freire para otorgar hasta 25 becas completas a vecinos y trabajadores de la ciudad durante el ciclo lectivo 2026. El acuerdo fue firmado por el intendente Roberto Ben\u00edtez y la representante legal Silvina Maricel Mac-Lachlan. Las becas cubrir\u00e1n matr\u00edcula, cuotas mensuales y derechos de &hellip;<\/p>\n","protected":false},"author":2,"featured_media":118194,"comment_status":"open","ping_status":"open","sticky":false,"template":"","format":"standard","meta":{"_jetpack_memberships_contains_paid_content":false,"footnotes":"","jetpack_publicize_message":"","jetpack_publicize_feature_enabled":true,"jetpack_social_post_already_shared":true,"jetpack_social_options":{"image_generator_settings":{"template":"highway","default_image_id":0,"font":"","enabled":false},"version":2}},"categories":[5,14],"tags":[],"class_list":["post-118193","post","type-post","status-publish","format-standard","has-post-thumbnail","hentry","category-chaco","category-politica"],"jetpack_publicize_connections":[],"jetpack_featured_media_url":"https:\/\/portalmovil.com.ar\/wp-content\/uploads\/2026\/03\/658079w480h321c.jpg.webp","jetpack_sharing_enabled":true,"amp_enabled":true,"_links":{"self":[{"href":"https:\/\/portalmovil.com.ar\/index.php\/wp-json\/wp\/v2\/posts\/118193","targetHints":{"allow":["GET"]}}],"collection":[{"href":"https:\/\/portalmovil.com.ar\/index.php\/wp-json\/wp\/v2\/posts"}],"about":[{"href":"https:\/\/portalmovil.com.ar\/index.php\/wp-json\/wp\/v2\/types\/post"}],"author":[{"embeddable":true,"href":"https:\/\/portalmovil.com.ar\/index.php\/wp-json\/wp\/v2\/users\/2"}],"replies":[{"embeddable":true,"href":"https:\/\/portalmovil.com.ar\/index.php\/wp-json\/wp\/v2\/comments?post=118193"}],"version-history":[{"count":1,"href":"https:\/\/portalmovil.com.ar\/index.php\/wp-json\/wp\/v2\/posts\/118193\/revisions"}],"predecessor-version":[{"id":118195,"href":"https:\/\/portalmovil.com.ar\/index.php\/wp-json\/wp\/v2\/posts\/118193\/revisions\/118195"}],"wp:featuredmedia":[{"embeddable":true,"href":"https:\/\/portalmovil.com.ar\/index.php\/wp-json\/wp\/v2\/media\/118194"}],"wp:attachment":[{"href":"https:\/\/portalmovil.com.ar\/index.php\/wp-json\/wp\/v2\/media?parent=118193"}],"wp:term":[{"taxonomy":"category","embeddable":true,"href":"https:\/\/portalmovil.com.ar\/index.php\/wp-json\/wp\/v2\/categories?post=118193"},{"taxonomy":"post_tag","embeddable":true,"href":"https:\/\/portalmovil.com.ar\/index.php\/wp-json\/wp\/v2\/tags?post=118193"}],"curies":[{"name":"wp","href":"https:\/\/api.w.org\/{rel}","templated":true}]}}