{"id":118166,"date":"2026-03-10T17:32:04","date_gmt":"2026-03-10T20:32:04","guid":{"rendered":"https:\/\/portalmovil.com.ar\/?p=118166"},"modified":"2026-03-10T17:32:05","modified_gmt":"2026-03-10T20:32:05","slug":"conmocion-por-la-muerte-de-un-gendarme-chaqueno-en-salta","status":"publish","type":"post","link":"https:\/\/portalmovil.com.ar\/index.php\/2026\/03\/10\/conmocion-por-la-muerte-de-un-gendarme-chaqueno-en-salta\/","title":{"rendered":"Conmoci\u00f3n por la muerte de un gendarme chaque\u00f1o en Salta"},"content":{"rendered":"\n<p>Un gendarme chaque\u00f1o de 26 a\u00f1os muri\u00f3 en la ciudad salte\u00f1a de San Ram\u00f3n de la Nueva Or\u00e1n y su fallecimiento gener\u00f3 fuerte conmoci\u00f3n y reclamos de la familia.<\/p>\n\n\n\n<p><br>Se trata del cabo Mauro Ponte, integrante del Escuadr\u00f3n 20 de Gendarmer\u00eda Nacional, quien falleci\u00f3 durante la madrugada del lunes tras presentar un cuadro grave que ser\u00eda compatible con hantavirus.<\/p>\n\n\n\n<p><br>Seg\u00fan allegados, el joven se descompens\u00f3 mientras se encontraba en servicio y denuncian que pudo haber existido abandono de persona y falta de atenci\u00f3n m\u00e9dica adecuada.<\/p>\n\n\n\n<p><br>Adem\u00e1s, trascendi\u00f3 que otros dos gendarmes permanecen internados en terapia intensiva con s\u00edntomas similares, lo que gener\u00f3 preocupaci\u00f3n por una posible situaci\u00f3n sanitaria dentro de la unidad.<\/p>\n\n\n\n<p><br>La familia ahora espera la confirmaci\u00f3n oficial del diagn\u00f3stico para determinar si el hantavirus fue efectivamente la causa de la muerte, mientras tambi\u00e9n cuestionan las condiciones laborales y la cobertura m\u00e9dica del personal de seguridad.<\/p>\n","protected":false},"excerpt":{"rendered":"<p>Un gendarme chaque\u00f1o de 26 a\u00f1os muri\u00f3 en la ciudad salte\u00f1a de San Ram\u00f3n de la Nueva Or\u00e1n y su fallecimiento gener\u00f3 fuerte conmoci\u00f3n y reclamos de la familia. Se trata del cabo Mauro Ponte, integrante del Escuadr\u00f3n 20 de Gendarmer\u00eda Nacional, quien falleci\u00f3 durante la madrugada del lunes tras presentar un cuadro grave que &hellip;<\/p>\n","protected":false},"author":2,"featured_media":118167,"comment_status":"open","ping_status":"open","sticky":false,"template":"","format":"standard","meta":{"_jetpack_memberships_contains_paid_content":false,"footnotes":"","jetpack_publicize_message":"","jetpack_publicize_feature_enabled":true,"jetpack_social_post_already_shared":true,"jetpack_social_options":{"image_generator_settings":{"template":"highway","default_image_id":0,"font":"","enabled":false},"version":2}},"categories":[639,8],"tags":[],"class_list":["post-118166","post","type-post","status-publish","format-standard","has-post-thumbnail","hentry","category-argentina","category-policiales"],"jetpack_publicize_connections":[],"jetpack_featured_media_url":"https:\/\/portalmovil.com.ar\/wp-content\/uploads\/2026\/03\/mauro-ponte-2200256.webp","jetpack_sharing_enabled":true,"amp_enabled":true,"_links":{"self":[{"href":"https:\/\/portalmovil.com.ar\/index.php\/wp-json\/wp\/v2\/posts\/118166","targetHints":{"allow":["GET"]}}],"collection":[{"href":"https:\/\/portalmovil.com.ar\/index.php\/wp-json\/wp\/v2\/posts"}],"about":[{"href":"https:\/\/portalmovil.com.ar\/index.php\/wp-json\/wp\/v2\/types\/post"}],"author":[{"embeddable":true,"href":"https:\/\/portalmovil.com.ar\/index.php\/wp-json\/wp\/v2\/users\/2"}],"replies":[{"embeddable":true,"href":"https:\/\/portalmovil.com.ar\/index.php\/wp-json\/wp\/v2\/comments?post=118166"}],"version-history":[{"count":1,"href":"https:\/\/portalmovil.com.ar\/index.php\/wp-json\/wp\/v2\/posts\/118166\/revisions"}],"predecessor-version":[{"id":118168,"href":"https:\/\/portalmovil.com.ar\/index.php\/wp-json\/wp\/v2\/posts\/118166\/revisions\/118168"}],"wp:featuredmedia":[{"embeddable":true,"href":"https:\/\/portalmovil.com.ar\/index.php\/wp-json\/wp\/v2\/media\/118167"}],"wp:attachment":[{"href":"https:\/\/portalmovil.com.ar\/index.php\/wp-json\/wp\/v2\/media?parent=118166"}],"wp:term":[{"taxonomy":"category","embeddable":true,"href":"https:\/\/portalmovil.com.ar\/index.php\/wp-json\/wp\/v2\/categories?post=118166"},{"taxonomy":"post_tag","embeddable":true,"href":"https:\/\/portalmovil.com.ar\/index.php\/wp-json\/wp\/v2\/tags?post=118166"}],"curies":[{"name":"wp","href":"https:\/\/api.w.org\/{rel}","templated":true}]}}