{"id":117456,"date":"2026-02-20T11:44:26","date_gmt":"2026-02-20T14:44:26","guid":{"rendered":"https:\/\/portalmovil.com.ar\/?p=117456"},"modified":"2026-02-20T11:59:48","modified_gmt":"2026-02-20T14:59:48","slug":"cebra-phone-elevan-a-juicio-la-causa-por-contrabando-y-lavado-de-activos","status":"publish","type":"post","link":"https:\/\/portalmovil.com.ar\/index.php\/2026\/02\/20\/cebra-phone-elevan-a-juicio-la-causa-por-contrabando-y-lavado-de-activos\/","title":{"rendered":"\u00abCebra Phone\u00bb: elevan a juicio la causa por contrabando y lavado de activos"},"content":{"rendered":"\n<p>Los comerciantes Braian Jos\u00e9 Obreg\u00f3n y Antonella Vargas Vispo est\u00e1n imputados por estos delitos, tras una investigaci\u00f3n del Ministerio P\u00fablico Fiscal.<\/p>\n\n\n\n<p>El Ministerio P\u00fablico Fiscal mencion\u00f3 que&nbsp;<strong>la instrucci\u00f3n sumarial se encuentra completa.<\/strong><\/p>\n\n\n\n<p><a href=\"https:\/\/www.youtube.com\/@datachacostream\/streams\" target=\"_blank\" rel=\"noreferrer noopener\"><\/a><\/p>\n\n\n\n<p><strong>Se les atribuye a ambos implicados haber puesto en circulaci\u00f3n en el mercado, a trav\u00e9s de diversas maniobras, fondos de origen il\u00edcito, provenientes del delito de encubrimiento de contrabando previsto<\/strong>&nbsp;y reprimido por el art\u00edculo 874 inciso d) del apartado 1\u00b0 del C\u00f3digo Aduanero.<\/p>\n\n\n\n<p>As\u00ed, de la evidencia recabada a trav\u00e9s de las diversas medidas de informe,&nbsp;<strong>se pudo establecer que Obreg\u00f3n y Vargas Vispo, incorporaron a su patrimonio numerosos bienes muebles registrables (veh\u00edculos y una embarcaci\u00f3n), bienes inmuebles con realizaci\u00f3n de mejoras edilicias, y otros activos, a nombre propio.<\/strong><\/p>\n\n\n\n<p>De esta manera,&nbsp;<strong>los comerciantes est\u00e1n imputados en calidad de coautores, en orden al delito de encubrimiento de contrabando agravado por habitualidad en concurso real y el delito de lavado de activos agravado por habitualidad.<\/strong><\/p>\n\n\n\n<p><\/p>\n","protected":false},"excerpt":{"rendered":"<p>Los comerciantes Braian Jos\u00e9 Obreg\u00f3n y Antonella Vargas Vispo est\u00e1n imputados por estos delitos, tras una investigaci\u00f3n del Ministerio P\u00fablico Fiscal. El Ministerio P\u00fablico Fiscal mencion\u00f3 que&nbsp;la instrucci\u00f3n sumarial se encuentra completa. Se les atribuye a ambos implicados haber puesto en circulaci\u00f3n en el mercado, a trav\u00e9s de diversas maniobras, fondos de origen il\u00edcito, provenientes &hellip;<\/p>\n","protected":false},"author":2,"featured_media":117465,"comment_status":"open","ping_status":"open","sticky":false,"template":"","format":"standard","meta":{"_jetpack_memberships_contains_paid_content":false,"footnotes":"","jetpack_publicize_message":"","jetpack_publicize_feature_enabled":true,"jetpack_social_post_already_shared":true,"jetpack_social_options":{"image_generator_settings":{"template":"highway","default_image_id":0,"font":"","enabled":false},"version":2}},"categories":[50],"tags":[],"class_list":["post-117456","post","type-post","status-publish","format-standard","has-post-thumbnail","hentry","category-judiciales"],"jetpack_publicize_connections":[],"jetpack_featured_media_url":"https:\/\/portalmovil.com.ar\/wp-content\/uploads\/2026\/02\/FB_IMG_1771598882551.jpg","jetpack_sharing_enabled":true,"amp_enabled":true,"_links":{"self":[{"href":"https:\/\/portalmovil.com.ar\/index.php\/wp-json\/wp\/v2\/posts\/117456","targetHints":{"allow":["GET"]}}],"collection":[{"href":"https:\/\/portalmovil.com.ar\/index.php\/wp-json\/wp\/v2\/posts"}],"about":[{"href":"https:\/\/portalmovil.com.ar\/index.php\/wp-json\/wp\/v2\/types\/post"}],"author":[{"embeddable":true,"href":"https:\/\/portalmovil.com.ar\/index.php\/wp-json\/wp\/v2\/users\/2"}],"replies":[{"embeddable":true,"href":"https:\/\/portalmovil.com.ar\/index.php\/wp-json\/wp\/v2\/comments?post=117456"}],"version-history":[{"count":2,"href":"https:\/\/portalmovil.com.ar\/index.php\/wp-json\/wp\/v2\/posts\/117456\/revisions"}],"predecessor-version":[{"id":117466,"href":"https:\/\/portalmovil.com.ar\/index.php\/wp-json\/wp\/v2\/posts\/117456\/revisions\/117466"}],"wp:featuredmedia":[{"embeddable":true,"href":"https:\/\/portalmovil.com.ar\/index.php\/wp-json\/wp\/v2\/media\/117465"}],"wp:attachment":[{"href":"https:\/\/portalmovil.com.ar\/index.php\/wp-json\/wp\/v2\/media?parent=117456"}],"wp:term":[{"taxonomy":"category","embeddable":true,"href":"https:\/\/portalmovil.com.ar\/index.php\/wp-json\/wp\/v2\/categories?post=117456"},{"taxonomy":"post_tag","embeddable":true,"href":"https:\/\/portalmovil.com.ar\/index.php\/wp-json\/wp\/v2\/tags?post=117456"}],"curies":[{"name":"wp","href":"https:\/\/api.w.org\/{rel}","templated":true}]}}