{"id":1170,"date":"2020-01-31T01:01:01","date_gmt":"2020-01-31T04:01:01","guid":{"rendered":"http:\/\/portalmovil.com.ar\/?p=1170"},"modified":"2020-01-31T01:01:09","modified_gmt":"2020-01-31T04:01:09","slug":"trotta-tras-paritaria-nacional-empezamos-a-construir-un-gran-acuerdo-educativo","status":"publish","type":"post","link":"https:\/\/portalmovil.com.ar\/index.php\/2020\/01\/31\/trotta-tras-paritaria-nacional-empezamos-a-construir-un-gran-acuerdo-educativo\/","title":{"rendered":"Trotta tras paritaria nacional: \u00abEmpezamos a construir un gran acuerdo educativo\u00bb"},"content":{"rendered":"\n<p>El ministro de Educaci\u00f3n y los gremios docentes acordaron la conformaci\u00f3n de 10 comisiones de trabajo para avanzar en la paritaria nacional y establecer un \u00abgran acuerdo educativo\u00bb.<\/p>\n\n\n\n<p>El ministro de Educaci\u00f3n, Nicol\u00e1s Trotta, y los gremios docentes acordaron la conformaci\u00f3n de 10 comisiones de trabajo para avanzar en la paritaria nacional y establecer un gran acuerdo educativo, consignaron fuentes oficiales y de los sindicatos al t\u00e9rmino de la primera reuni\u00f3n por la paritaria nacional del sector.<\/p>\n\n\n\n<p>Del primer encuentro paritario, tras la suspensi\u00f3n que hab\u00eda dispuesto por decreto el ex presidente Mauricio Macri, particip\u00f3 tambi\u00e9n el Ministro de Trabajo, Claudio Moroni, y representantes de los cinco gremios con personer\u00eda nacional.<\/p>\n\n\n\n<p>Trotta destac\u00f3 el \u00abdesaf\u00edo de empezar a construir un gran acuerdo educativo\u00bb, durante una conferencia de prensa luego de la reuni\u00f3n paritaria.<\/p>\n\n\n\n<p>\u00abHoy iniciamos un camino en com\u00fan . Fue una reuni\u00f3n muy positiva donde pudimos empezar a transitar no solo el desaf\u00edo de cara al inicio del pr\u00f3ximo ciclo lectivo sino tambi\u00e9n hemos manifestado a distintas organizaciones sindicales nuestro compromiso, nuestro desaf\u00edo de empezar a construir un gran acuerdo educativo que permita que tracemos una agenda com\u00fan frente a los enormes desaf\u00edos que tiene nuestra escuela y que tienen nuestro sistema educativo\u00bb, dijo Trotta.<\/p>\n\n\n\n<p>El ministro de Educaci\u00f3n se refiri\u00f3 al compromiso asumido por indicaci\u00f3n del Presidente Alberto Fern\u00e1ndez de \u00abfederalizar las pol\u00edticas educativas, de transitar un camino que permita cumplir con las leyes, cumplir con la Ley de Educaci\u00f3n Nacional, cumplir con la Ley de Financiamiento Educativo, y cumplir con la Ley de Educaci\u00f3n T\u00e9cnica\u00bb.<\/p>\n\n\n\n<figure class=\"wp-block-embed-twitter wp-block-embed is-type-rich is-provider-twitter\"><div class=\"wp-block-embed__wrapper\">\n<div class=\"embed-twitter\"><blockquote class=\"twitter-tweet\" data-width=\"500\" data-dnt=\"true\"><p lang=\"es\" dir=\"ltr\">Ya comenz\u00f3 la primera reuni\u00f3n de la paritaria nacional donde participan representantes de las cinco organizaciones de docentes nacionales. <a href=\"https:\/\/t.co\/MAnVD2nvzt\">pic.twitter.com\/MAnVD2nvzt<\/a><\/p>&mdash; Ministerio de Educaci\u00f3n de la Naci\u00f3n Argentina (@EducacionAR) <a href=\"https:\/\/twitter.com\/EducacionAR\/status\/1222969273053798400?ref_src=twsrc%5Etfw\">January 30, 2020<\/a><\/blockquote><script async src=\"https:\/\/platform.twitter.com\/widgets.js\" charset=\"utf-8\"><\/script><\/div>\n<\/div><\/figure>\n\n\n\n<p>Representantes de las cinco organizaciones de docentes nacionales participaron del encuentro en el que, seg\u00fan destac\u00f3 el Ministerio de Educaci\u00f3n, se construye \u00abuna agenda educativa amplia que incluye objetivos y metas educativas nacionales que se est\u00e1n implementando y se proyectan en 2020\u00bb. <\/p>\n","protected":false},"excerpt":{"rendered":"<p>El ministro de Educaci\u00f3n y los gremios docentes acordaron la conformaci\u00f3n de 10 comisiones de trabajo para avanzar en la paritaria nacional y establecer un \u00abgran acuerdo educativo\u00bb. El ministro de Educaci\u00f3n, Nicol\u00e1s Trotta, y los gremios docentes acordaron la conformaci\u00f3n de 10 comisiones de trabajo para avanzar en la paritaria nacional y establecer un &hellip;<\/p>\n","protected":false},"author":2,"featured_media":1171,"comment_status":"open","ping_status":"open","sticky":false,"template":"","format":"standard","meta":{"_jetpack_memberships_contains_paid_content":false,"footnotes":"","jetpack_publicize_message":"","jetpack_publicize_feature_enabled":true,"jetpack_social_post_already_shared":true,"jetpack_social_options":{"image_generator_settings":{"template":"highway","default_image_id":0,"font":"","enabled":false},"version":2}},"categories":[14],"tags":[],"class_list":["post-1170","post","type-post","status-publish","format-standard","has-post-thumbnail","hentry","category-politica"],"jetpack_publicize_connections":[],"jetpack_featured_media_url":"https:\/\/portalmovil.com.ar\/wp-content\/uploads\/2020\/01\/1e66cafe62211e017a70c5069a8db95b_L.jpg","jetpack_sharing_enabled":true,"amp_enabled":true,"_links":{"self":[{"href":"https:\/\/portalmovil.com.ar\/index.php\/wp-json\/wp\/v2\/posts\/1170","targetHints":{"allow":["GET"]}}],"collection":[{"href":"https:\/\/portalmovil.com.ar\/index.php\/wp-json\/wp\/v2\/posts"}],"about":[{"href":"https:\/\/portalmovil.com.ar\/index.php\/wp-json\/wp\/v2\/types\/post"}],"author":[{"embeddable":true,"href":"https:\/\/portalmovil.com.ar\/index.php\/wp-json\/wp\/v2\/users\/2"}],"replies":[{"embeddable":true,"href":"https:\/\/portalmovil.com.ar\/index.php\/wp-json\/wp\/v2\/comments?post=1170"}],"version-history":[{"count":1,"href":"https:\/\/portalmovil.com.ar\/index.php\/wp-json\/wp\/v2\/posts\/1170\/revisions"}],"predecessor-version":[{"id":1172,"href":"https:\/\/portalmovil.com.ar\/index.php\/wp-json\/wp\/v2\/posts\/1170\/revisions\/1172"}],"wp:featuredmedia":[{"embeddable":true,"href":"https:\/\/portalmovil.com.ar\/index.php\/wp-json\/wp\/v2\/media\/1171"}],"wp:attachment":[{"href":"https:\/\/portalmovil.com.ar\/index.php\/wp-json\/wp\/v2\/media?parent=1170"}],"wp:term":[{"taxonomy":"category","embeddable":true,"href":"https:\/\/portalmovil.com.ar\/index.php\/wp-json\/wp\/v2\/categories?post=1170"},{"taxonomy":"post_tag","embeddable":true,"href":"https:\/\/portalmovil.com.ar\/index.php\/wp-json\/wp\/v2\/tags?post=1170"}],"curies":[{"name":"wp","href":"https:\/\/api.w.org\/{rel}","templated":true}]}}