{"id":11647,"date":"2020-08-22T20:28:47","date_gmt":"2020-08-22T23:28:47","guid":{"rendered":"https:\/\/portalmovil.com.ar\/?p=11647"},"modified":"2020-08-22T20:28:50","modified_gmt":"2020-08-22T23:28:50","slug":"empresarios-preocupados-por-la-decision-del-gobierno-sobre-internet-tv-y-moviles","status":"publish","type":"post","link":"https:\/\/portalmovil.com.ar\/index.php\/2020\/08\/22\/empresarios-preocupados-por-la-decision-del-gobierno-sobre-internet-tv-y-moviles\/","title":{"rendered":"Empresarios preocupados por la decisi\u00f3n del Gobierno sobre internet, tv y m\u00f3viles"},"content":{"rendered":"\n<p>La Asociaci\u00f3n Interamericana de Empresas de Telecomunicaciones (Asiet) manifest\u00f3 hoy su \u00abpreocupaci\u00f3n\u00bb por la decisi\u00f3n del Gobierno argentino de asignar el car\u00e1cter de servicio p\u00fablico a internet, la tv paga y las comunicaciones m\u00f3viles.<\/p>\n\n\n\n<p>\u00abVemos con suma preocupaci\u00f3n que se realicen cambios dr\u00e1sticos de amplio alcance e inesperados en las reglas del sector sin una construcci\u00f3n previa de consensos, generando una innecesaria incertidumbre entre todos los actores del mercado y entre los usuarios\u00bb, indicaron fuentes de la Asiet a T\u00e9lam.<\/p>\n\n\n\n<p>La entidad en la que participan las empresas que operan en el pa\u00eds consider\u00f3 en un comunicado que el decreto de necesidad y urgencia publicado anoche en el Bolet\u00edn Oficial \u00abafecta a las inversiones realizadas por todos los operadores perjudica los despliegues futuros\u00bb.<\/p>\n\n\n\n<figure class=\"wp-block-embed-twitter wp-block-embed is-type-rich is-provider-twitter\"><div class=\"wp-block-embed__wrapper\">\n<div class=\"embed-twitter\"><blockquote class=\"twitter-tweet\" data-width=\"500\" data-dnt=\"true\"><p lang=\"es\" dir=\"ltr\"><a href=\"https:\/\/twitter.com\/hashtag\/Argentina?src=hash&amp;ref_src=twsrc%5Etfw\">#Argentina<\/a> \ud83c\udde6\ud83c\uddf7<br>Vemos con preocupaci\u00f3n que se realicen cambios dr\u00e1sticos en las reglas del sector, sin consensos, generando una innecesaria incertidumbre entre todos los actores.<br><br>La industria requiere seguridad jur\u00eddica para su desarrollo a largo plazo.<a href=\"https:\/\/t.co\/dOCPAwrjum\">https:\/\/t.co\/dOCPAwrjum<\/a><\/p>&mdash; ASIET (@asiet_lat) <a href=\"https:\/\/twitter.com\/asiet_lat\/status\/1297213848026570752?ref_src=twsrc%5Etfw\">August 22, 2020<\/a><\/blockquote><script async src=\"https:\/\/platform.twitter.com\/widgets.js\" charset=\"utf-8\"><\/script><\/div>\n<\/div><\/figure>\n\n\n\n<figure class=\"wp-block-image size-large\"><a href=\"https:\/\/portalmovil.com.ar\/index.php\/suscripciones\/\"><img loading=\"lazy\" decoding=\"async\" width=\"1024\" height=\"123\" src=\"https:\/\/portalmovil.com.ar\/wp-content\/uploads\/2020\/08\/suscripciones-PM-1024x123-1-47.png\" alt=\"\" class=\"wp-image-10869\" srcset=\"https:\/\/portalmovil.com.ar\/wp-content\/uploads\/2020\/08\/suscripciones-PM-1024x123-1-47.png 1024w, https:\/\/portalmovil.com.ar\/wp-content\/uploads\/2020\/08\/suscripciones-PM-1024x123-1-47-300x36.png 300w, https:\/\/portalmovil.com.ar\/wp-content\/uploads\/2020\/08\/suscripciones-PM-1024x123-1-47-768x92.png 768w\" sizes=\"auto, (max-width: 1024px) 100vw, 1024px\" \/><\/a><\/figure>\n","protected":false},"excerpt":{"rendered":"<p>La Asociaci\u00f3n Interamericana de Empresas de Telecomunicaciones (Asiet) manifest\u00f3 hoy su \u00abpreocupaci\u00f3n\u00bb por la decisi\u00f3n del Gobierno argentino de asignar el car\u00e1cter de servicio p\u00fablico a internet, la tv paga y las comunicaciones m\u00f3viles. \u00abVemos con suma preocupaci\u00f3n que se realicen cambios dr\u00e1sticos de amplio alcance e inesperados en las reglas del sector sin una &hellip;<\/p>\n","protected":false},"author":2,"featured_media":11648,"comment_status":"open","ping_status":"open","sticky":false,"template":"","format":"standard","meta":{"_jetpack_memberships_contains_paid_content":false,"footnotes":"","jetpack_publicize_message":"","jetpack_publicize_feature_enabled":true,"jetpack_social_post_already_shared":true,"jetpack_social_options":{"image_generator_settings":{"template":"highway","default_image_id":0,"font":"","enabled":false},"version":2}},"categories":[28],"tags":[],"class_list":["post-11647","post","type-post","status-publish","format-standard","has-post-thumbnail","hentry","category-actualidad"],"jetpack_publicize_connections":[],"jetpack_featured_media_url":"https:\/\/portalmovil.com.ar\/wp-content\/uploads\/2020\/08\/91466_3.jpg","jetpack_sharing_enabled":true,"amp_enabled":true,"_links":{"self":[{"href":"https:\/\/portalmovil.com.ar\/index.php\/wp-json\/wp\/v2\/posts\/11647","targetHints":{"allow":["GET"]}}],"collection":[{"href":"https:\/\/portalmovil.com.ar\/index.php\/wp-json\/wp\/v2\/posts"}],"about":[{"href":"https:\/\/portalmovil.com.ar\/index.php\/wp-json\/wp\/v2\/types\/post"}],"author":[{"embeddable":true,"href":"https:\/\/portalmovil.com.ar\/index.php\/wp-json\/wp\/v2\/users\/2"}],"replies":[{"embeddable":true,"href":"https:\/\/portalmovil.com.ar\/index.php\/wp-json\/wp\/v2\/comments?post=11647"}],"version-history":[{"count":1,"href":"https:\/\/portalmovil.com.ar\/index.php\/wp-json\/wp\/v2\/posts\/11647\/revisions"}],"predecessor-version":[{"id":11649,"href":"https:\/\/portalmovil.com.ar\/index.php\/wp-json\/wp\/v2\/posts\/11647\/revisions\/11649"}],"wp:featuredmedia":[{"embeddable":true,"href":"https:\/\/portalmovil.com.ar\/index.php\/wp-json\/wp\/v2\/media\/11648"}],"wp:attachment":[{"href":"https:\/\/portalmovil.com.ar\/index.php\/wp-json\/wp\/v2\/media?parent=11647"}],"wp:term":[{"taxonomy":"category","embeddable":true,"href":"https:\/\/portalmovil.com.ar\/index.php\/wp-json\/wp\/v2\/categories?post=11647"},{"taxonomy":"post_tag","embeddable":true,"href":"https:\/\/portalmovil.com.ar\/index.php\/wp-json\/wp\/v2\/tags?post=11647"}],"curies":[{"name":"wp","href":"https:\/\/api.w.org\/{rel}","templated":true}]}}