{"id":11643,"date":"2020-08-22T14:09:13","date_gmt":"2020-08-22T17:09:13","guid":{"rendered":"https:\/\/portalmovil.com.ar\/?p=11643"},"modified":"2020-08-22T14:09:17","modified_gmt":"2020-08-22T17:09:17","slug":"jujuy-por-decreto-el-gobierno-pone-a-los-docentes-a-hacer-tareas-sanitarias","status":"publish","type":"post","link":"https:\/\/portalmovil.com.ar\/index.php\/2020\/08\/22\/jujuy-por-decreto-el-gobierno-pone-a-los-docentes-a-hacer-tareas-sanitarias\/","title":{"rendered":"Jujuy: por decreto el Gobierno pone a los docentes a hacer tareas sanitarias"},"content":{"rendered":"\n<p>Seg\u00fan publica <strong><em>Somos Jujuy,<\/em><\/strong> el Ministerio de Educaci\u00f3n de Jujuy determin\u00f3\u00a0afectar a docentes y personal de servicios generales de la provincia para realizar tareas sanitarias esenciales para el Comit\u00e9 Operativo de Emergencias.<\/p>\n\n\n\n<p>Seg\u00fan detalla la Resoluci\u00f3n N\u00b0 1966 firmada por Isolda Calsina, la situaci\u00f3n epidemiol\u00f3gica de la provincia de Jujuy genera \u201cuna necesidad impostergable\u201d de afectar personal del Ministerio de Educaci\u00f3n al COE para llevar adelante tareas esenciales dentro de la emergencia sanitaria.<\/p>\n\n\n\n<p>Por esa raz\u00f3n la referente educativa, determin\u00f3&nbsp;afectar transitoriamente a docentes y personal de servicios generales del Ministerio de Educaci\u00f3n bajo la disponibilidad y responsabilidad de la doctora, Fernanda Peynado, a partir del 14 de agosto hasta que se establezca una nueva disposici\u00f3n de las autoridades superiores.<\/p>\n\n\n\n<p>En este contexto el documento provincial tambi\u00e9n establece autorizaci\u00f3n para que las personas afectadas puedan circular bajo el car\u00e1cter de trabajadores esenciales dentro de la pandemia, consider\u00e1ndolos exceptuados del aislamiento social, preventivo y obligatorio, para trasladarse desde sus respectivos domicilios hasta el lugar en el que deben desempe\u00f1ar las funciones asignadas.<\/p>\n\n\n\n<p>Cabe destacar que en este sentido, desde el gremio docente de ADEP informaron a Somos Jujuy que presentar\u00e1n un pliego de condiciones sanitarias para los trabajadores afectados, como as\u00ed tambi\u00e9n tienen previsto desarrollar una jornada de protesta el pr\u00f3ximo mi\u00e9rcoles 26 de agosto.<\/p>\n\n\n\n<figure class=\"wp-block-image size-large\"><a href=\"https:\/\/portalmovil.com.ar\/index.php\/suscripciones\/\"><img loading=\"lazy\" decoding=\"async\" width=\"1024\" height=\"123\" src=\"https:\/\/portalmovil.com.ar\/wp-content\/uploads\/2020\/08\/suscripciones-PM-1024x123-1-48.png\" alt=\"\" class=\"wp-image-10982\" srcset=\"https:\/\/portalmovil.com.ar\/wp-content\/uploads\/2020\/08\/suscripciones-PM-1024x123-1-48.png 1024w, https:\/\/portalmovil.com.ar\/wp-content\/uploads\/2020\/08\/suscripciones-PM-1024x123-1-48-300x36.png 300w, https:\/\/portalmovil.com.ar\/wp-content\/uploads\/2020\/08\/suscripciones-PM-1024x123-1-48-768x92.png 768w\" sizes=\"auto, (max-width: 1024px) 100vw, 1024px\" \/><\/a><\/figure>\n","protected":false},"excerpt":{"rendered":"<p>Seg\u00fan publica Somos Jujuy, el Ministerio de Educaci\u00f3n de Jujuy determin\u00f3\u00a0afectar a docentes y personal de servicios generales de la provincia para realizar tareas sanitarias esenciales para el Comit\u00e9 Operativo de Emergencias. Seg\u00fan detalla la Resoluci\u00f3n N\u00b0 1966 firmada por Isolda Calsina, la situaci\u00f3n epidemiol\u00f3gica de la provincia de Jujuy genera \u201cuna necesidad impostergable\u201d de &hellip;<\/p>\n","protected":false},"author":2,"featured_media":11644,"comment_status":"open","ping_status":"open","sticky":false,"template":"","format":"standard","meta":{"_jetpack_memberships_contains_paid_content":false,"footnotes":"","jetpack_publicize_message":"","jetpack_publicize_feature_enabled":true,"jetpack_social_post_already_shared":true,"jetpack_social_options":{"image_generator_settings":{"template":"highway","default_image_id":0,"font":"","enabled":false},"version":2}},"categories":[46],"tags":[],"class_list":["post-11643","post","type-post","status-publish","format-standard","has-post-thumbnail","hentry","category-salud"],"jetpack_publicize_connections":[],"jetpack_featured_media_url":"https:\/\/portalmovil.com.ar\/wp-content\/uploads\/2020\/08\/jujuy-doc-500x281-1.jpg","jetpack_sharing_enabled":true,"amp_enabled":true,"_links":{"self":[{"href":"https:\/\/portalmovil.com.ar\/index.php\/wp-json\/wp\/v2\/posts\/11643","targetHints":{"allow":["GET"]}}],"collection":[{"href":"https:\/\/portalmovil.com.ar\/index.php\/wp-json\/wp\/v2\/posts"}],"about":[{"href":"https:\/\/portalmovil.com.ar\/index.php\/wp-json\/wp\/v2\/types\/post"}],"author":[{"embeddable":true,"href":"https:\/\/portalmovil.com.ar\/index.php\/wp-json\/wp\/v2\/users\/2"}],"replies":[{"embeddable":true,"href":"https:\/\/portalmovil.com.ar\/index.php\/wp-json\/wp\/v2\/comments?post=11643"}],"version-history":[{"count":2,"href":"https:\/\/portalmovil.com.ar\/index.php\/wp-json\/wp\/v2\/posts\/11643\/revisions"}],"predecessor-version":[{"id":11646,"href":"https:\/\/portalmovil.com.ar\/index.php\/wp-json\/wp\/v2\/posts\/11643\/revisions\/11646"}],"wp:featuredmedia":[{"embeddable":true,"href":"https:\/\/portalmovil.com.ar\/index.php\/wp-json\/wp\/v2\/media\/11644"}],"wp:attachment":[{"href":"https:\/\/portalmovil.com.ar\/index.php\/wp-json\/wp\/v2\/media?parent=11643"}],"wp:term":[{"taxonomy":"category","embeddable":true,"href":"https:\/\/portalmovil.com.ar\/index.php\/wp-json\/wp\/v2\/categories?post=11643"},{"taxonomy":"post_tag","embeddable":true,"href":"https:\/\/portalmovil.com.ar\/index.php\/wp-json\/wp\/v2\/tags?post=11643"}],"curies":[{"name":"wp","href":"https:\/\/api.w.org\/{rel}","templated":true}]}}