{"id":116372,"date":"2026-01-26T09:30:33","date_gmt":"2026-01-26T12:30:33","guid":{"rendered":"https:\/\/portalmovil.com.ar\/?p=116372"},"modified":"2026-01-26T09:30:35","modified_gmt":"2026-01-26T12:30:35","slug":"quiso-robar-cables-del-tendido-electrico-en-la-zona-norte-y-lo-detuvieron-con-las-manos-en-la-masa","status":"publish","type":"post","link":"https:\/\/portalmovil.com.ar\/index.php\/2026\/01\/26\/quiso-robar-cables-del-tendido-electrico-en-la-zona-norte-y-lo-detuvieron-con-las-manos-en-la-masa\/","title":{"rendered":"Quiso robar cables del tendido el\u00e9ctrico en la zona Norte y lo detuvieron con las manos en la masa"},"content":{"rendered":"\n<p>Ayer por la tarde, alrededor de las 19, varios transe\u00fantes alertaron a la polic\u00eda sobre un hombre que intentaba llevarse cables del tendido el\u00e9ctrico en la autov\u00eda de la ruta 16, a la altura del kil\u00f3metro 14, en la zona Norte de Resistencia.<\/p>\n\n\n\n<p>Efectivos de la Comisar\u00eda Decimotercera se trasladaron de inmediato al lugar: al llegar, detuvieron a un ciudadano de 41 a\u00f1os, quien hab\u00eda causado da\u00f1os en la instalaci\u00f3n con la clara intenci\u00f3n de robar el cableado.&nbsp;<\/p>\n\n\n\n<p>Fuentes oficiales indicaron que gracias a la r\u00e1pida intervenci\u00f3n policial, el sujeto no logr\u00f3 concretar su objetivo.<\/p>\n\n\n\n<p>En su poder, los agentes secuestraron las herramientas utilizadas para el il\u00edcito: un machete y un martillo, adem\u00e1s de 13 metros de cable.&nbsp;<\/p>\n\n\n\n<p>El hombre fue notificado de su aprehensi\u00f3n por supuestos da\u00f1os y puesto a disposici\u00f3n de la justicia.<\/p>\n","protected":false},"excerpt":{"rendered":"<p>Ayer por la tarde, alrededor de las 19, varios transe\u00fantes alertaron a la polic\u00eda sobre un hombre que intentaba llevarse cables del tendido el\u00e9ctrico en la autov\u00eda de la ruta 16, a la altura del kil\u00f3metro 14, en la zona Norte de Resistencia. Efectivos de la Comisar\u00eda Decimotercera se trasladaron de inmediato al lugar: al &hellip;<\/p>\n","protected":false},"author":2,"featured_media":116374,"comment_status":"open","ping_status":"open","sticky":false,"template":"","format":"standard","meta":{"_jetpack_memberships_contains_paid_content":false,"footnotes":"","jetpack_publicize_message":"","jetpack_publicize_feature_enabled":true,"jetpack_social_post_already_shared":true,"jetpack_social_options":{"image_generator_settings":{"template":"highway","default_image_id":0,"font":"","enabled":false},"version":2}},"categories":[5,8],"tags":[],"class_list":["post-116372","post","type-post","status-publish","format-standard","has-post-thumbnail","hentry","category-chaco","category-policiales"],"jetpack_publicize_connections":[],"jetpack_featured_media_url":"https:\/\/portalmovil.com.ar\/wp-content\/uploads\/2026\/01\/13577w790h572c.png.webp","jetpack_sharing_enabled":true,"amp_enabled":true,"_links":{"self":[{"href":"https:\/\/portalmovil.com.ar\/index.php\/wp-json\/wp\/v2\/posts\/116372","targetHints":{"allow":["GET"]}}],"collection":[{"href":"https:\/\/portalmovil.com.ar\/index.php\/wp-json\/wp\/v2\/posts"}],"about":[{"href":"https:\/\/portalmovil.com.ar\/index.php\/wp-json\/wp\/v2\/types\/post"}],"author":[{"embeddable":true,"href":"https:\/\/portalmovil.com.ar\/index.php\/wp-json\/wp\/v2\/users\/2"}],"replies":[{"embeddable":true,"href":"https:\/\/portalmovil.com.ar\/index.php\/wp-json\/wp\/v2\/comments?post=116372"}],"version-history":[{"count":1,"href":"https:\/\/portalmovil.com.ar\/index.php\/wp-json\/wp\/v2\/posts\/116372\/revisions"}],"predecessor-version":[{"id":116375,"href":"https:\/\/portalmovil.com.ar\/index.php\/wp-json\/wp\/v2\/posts\/116372\/revisions\/116375"}],"wp:featuredmedia":[{"embeddable":true,"href":"https:\/\/portalmovil.com.ar\/index.php\/wp-json\/wp\/v2\/media\/116374"}],"wp:attachment":[{"href":"https:\/\/portalmovil.com.ar\/index.php\/wp-json\/wp\/v2\/media?parent=116372"}],"wp:term":[{"taxonomy":"category","embeddable":true,"href":"https:\/\/portalmovil.com.ar\/index.php\/wp-json\/wp\/v2\/categories?post=116372"},{"taxonomy":"post_tag","embeddable":true,"href":"https:\/\/portalmovil.com.ar\/index.php\/wp-json\/wp\/v2\/tags?post=116372"}],"curies":[{"name":"wp","href":"https:\/\/api.w.org\/{rel}","templated":true}]}}